{"id":18523,"date":"2021-10-06T19:26:29","date_gmt":"2021-10-07T00:26:29","guid":{"rendered":"http:\/\/elobservatorio.com.mx\/?p=18523"},"modified":"2021-10-06T19:27:59","modified_gmt":"2021-10-07T00:27:59","slug":"feria-de-talentos-del-issste","status":"publish","type":"post","link":"http:\/\/elobservatorio.com.mx\/?p=18523","title":{"rendered":"\u201cFeria de talentos del ISSSTE\u201d"},"content":{"rendered":"<p><em>*Una simulaci\u00f3n para colocar por dedazo gente a modo.\u00a0<\/em><\/p>\n<p>Despu\u00e9s de que El Maestro en Derecho,\u00a0 Zoe Alejandro Robledo Aburto,\u00a0 Director General del IMSS anunciara que las plazas para ocupar el cargo de titulares de oficinas de representaci\u00f3n administrativa en los Estados,\u00a0 ser\u00eda mediante una convocatoria donde participar\u00edan y se har\u00eda justicia a los trabajadores en activo del intuito y\u00a0 que cumplieran con el perfil \u00a0todo esto a trav\u00e9s de una convocatoria.<\/p>\n<p>El Dr. Ramiro L\u00f3pez Elizalde Director Normativo de Salud\u00a0 del ISSSTE en las oficinas centrales se le ocurri\u00f3 copiar el mismo modelo con el que oper\u00f3 dicha convocatoria\u00a0 el IMSS.\u00a0 S\u00f3lo que la \u00fanica diferencia entre el ISSSTE y el IMSS, es que en el Instituto Mexicano del Seguro Social\u00a0 si son transparentes y respetan los resultados.<\/p>\n<p>A trav\u00e9s de la \u201cFeria de talentos del ISSSTE se simula y\u00a0 coloca gente por dedazo pero sobre todo fiel y leal al \u00a0Dr. Ramiro L\u00f3pez Elizalde antes Director del Hospital Valent\u00edn G\u00f3mez Far\u00edas en el estado de Jalisco en la administraci\u00f3n pasada del expresidente Enrique Pe\u00f1a Nieto donde opero y desvi\u00f3 \u00a0\u00a0recursos a favor del\u00a0 PRIISTA, Ex Director General del ISSSTE y Ex Gobernador de Chihuahua el Lic. Jos\u00e9 Reyes Baeza Terrazas.<\/p>\n<p><em>\u00bfQui\u00e9n es\u00a0 Laura Minerva Hern\u00e1ndez Herrera?<\/em><\/p>\n<p>Es la Subcoordinadora en la Direcci\u00f3n Normativa de Salud \u00a0y mano derecha del Dr. Ramiro L\u00f3pez Elizalde. Es la encargada de sacar la convocatoria y simular que todo fue legal dejando como ganadores a los amigo de su jefe Ramiro Elizalde tal es el caso del estado de Colima y Jalisco donde dejo como Sub Delegados M\u00e9dicos \u00a0al M\u00e9dico General\u00a0 Xavier Mart\u00ednez Rocha (colima)\u00a0 y al m\u00e9dico General\u00a0 Alan\u00a0 Ulises Solano\u00a0 Maga\u00f1a (Jalisco). Estos dos desde su llegada se la han pasado de oficiosos, pidiendo diezmos a los proveedores y asignado contratos que les indica la Mtra. Laura Minerva\u00a0 Hern\u00e1ndez a convenc\u00eda de su jefe\u00a0 Ramiro Elizalde.<\/p>\n<p>En el municipio de Manzanillo asignaron hace poco al M\u00e9dico Geriatra Gerardo Enrique Carvajal Dom\u00ednguez que seg\u00fan resulto ganador tambi\u00e9n de la \u201cFeria de talentos\u201d quien desde su llegada a la cl\u00ednica del ISSSTE en Manzanillo se asign\u00f3 un Secretario particular el cual no existe dentro del organigrama,\u00a0 nombro un coordinador de coordinadores\u00a0 y un supervisor de asistentes de direcci\u00f3n todo esto sin\u00a0 mencionar adem\u00e1s de las diferentes quejas de los derechohabientes de aquel municipio han hecho\u00a0\u00a0 \u00a0por la continua \u00a0ausencia de Carvajal Dom\u00ednguez pues nunca lo encontraban en la direcci\u00f3n. Hace algunas semanas estuvo vacante la Direcci\u00f3n de la cl\u00ednica Dr. Miguel Trejo Ochoa por lo que tambi\u00e9n fue anunciada a trav\u00e9s de la \u201cFeria de talentos\u201d\u00a0 donde participaron con entusiasmo 4 m\u00e9dicos del estado de Colima y un quinto for\u00e1neo de la ciudad de M\u00e9xico.<\/p>\n<p>Los resultados de la \u00faltima \u201cFeria de talentos\u201d donde se convoc\u00f3 para ocupar el puesto de Director (a) de la Cl\u00ednica Trejo Ochoa en el municipio de Colima fueron cuestionados por los participantes y por el mismo personal de la Cl\u00ednica Hospital pues de nuevo\u00a0 Dom\u00ednguez Carvajal\u00a0 quien ven\u00eda de ser Director en manzanillo y a quien se le relaciona de tener una gran amistad con Ramiro Elizalde hab\u00eda resultado ganador. \u201cen serio no hay personal competente en el estado de colima para desempe\u00f1ar el cargo\u201d pregunta que se hacen los participantes y con toda molestia lo mencionan.<\/p>\n<p>\u00bfPara qu\u00e9 hacen la \u201cFeria de Talentos\u201d si de todos modos quedaran los allegados de Ramiro Elizalde? Es la pregunta que se hacen los participantes. Actualmente esto viene pasando en los estados de M\u00e9xico, Ciudad de M\u00e9xico, Michoac\u00e1n, Nayarit, Aguascalientes y Veracruz.<\/p>\n<p>Actualmente existen en el ISSSTE\u00a0 del estado de Colima personal m\u00e9dico y administrativo con maestr\u00eda y doctorado capaces de ocupar dichos\u00a0 cargos pero lamentablemente no son tomados en cuenta.<\/p>\n<p>Cabe destacar una nota del peri\u00f3dico Reforma\u00a0 el 15 julio del 2019\u00a0 donde los senadores del PAN y MC ped\u00edan cesar ha ligado a Lomel\u00ed en ISSSTE donde se redact\u00f3 de la siguiente manera: Senadores del PAN y de MC. Consideraron que Ramiro L\u00f3pez Elizalde, Director Normativo de Salud en el ISSSTE debe ser sancionado y separado de su cargo por la investigaci\u00f3n que la funci\u00f3n p\u00fablica abri\u00f3 por los v\u00ednculos que manten\u00eda con las empresas farmac\u00e9uticas del ex Delegado de Jalisco, Carlos Lomel\u00ed.<\/p>\n<p>&nbsp;<\/p>\n","protected":false},"excerpt":{"rendered":"<p>*Una simulaci\u00f3n para colocar por dedazo gente a modo.\u00a0 Despu\u00e9s de que El Maestro en Derecho,\u00a0 Zoe Alejandro Robledo Aburto,\u00a0 Director General del IMSS anunciara que las plazas para ocupar el cargo de titulares de oficinas de representaci\u00f3n administrativa en los Estados,\u00a0 ser\u00eda mediante una convocatoria donde participar\u00edan y se har\u00eda justicia a los trabajadores&#8230;<\/p>\n","protected":false},"author":2,"featured_media":18524,"comment_status":"open","ping_status":"open","sticky":false,"template":"","format":"standard","meta":{"footnotes":""},"categories":[12],"tags":[29,30,28],"class_list":["post-18523","post","type-post","status-publish","format-standard","has-post-thumbnail","hentry","category-sociedad","tag-grid","tag-news","tag-slider"],"_links":{"self":[{"href":"http:\/\/elobservatorio.com.mx\/index.php?rest_route=\/wp\/v2\/posts\/18523"}],"collection":[{"href":"http:\/\/elobservatorio.com.mx\/index.php?rest_route=\/wp\/v2\/posts"}],"about":[{"href":"http:\/\/elobservatorio.com.mx\/index.php?rest_route=\/wp\/v2\/types\/post"}],"author":[{"embeddable":true,"href":"http:\/\/elobservatorio.com.mx\/index.php?rest_route=\/wp\/v2\/users\/2"}],"replies":[{"embeddable":true,"href":"http:\/\/elobservatorio.com.mx\/index.php?rest_route=%2Fwp%2Fv2%2Fcomments&post=18523"}],"version-history":[{"count":0,"href":"http:\/\/elobservatorio.com.mx\/index.php?rest_route=\/wp\/v2\/posts\/18523\/revisions"}],"wp:featuredmedia":[{"embeddable":true,"href":"http:\/\/elobservatorio.com.mx\/index.php?rest_route=\/wp\/v2\/media\/18524"}],"wp:attachment":[{"href":"http:\/\/elobservatorio.com.mx\/index.php?rest_route=%2Fwp%2Fv2%2Fmedia&parent=18523"}],"wp:term":[{"taxonomy":"category","embeddable":true,"href":"http:\/\/elobservatorio.com.mx\/index.php?rest_route=%2Fwp%2Fv2%2Fcategories&post=18523"},{"taxonomy":"post_tag","embeddable":true,"href":"http:\/\/elobservatorio.com.mx\/index.php?rest_route=%2Fwp%2Fv2%2Ftags&post=18523"}],"curies":[{"name":"wp","href":"https:\/\/api.w.org\/{rel}","templated":true}]}}