{"id":18540,"date":"2021-10-06T22:49:34","date_gmt":"2021-10-07T03:49:34","guid":{"rendered":"http:\/\/elobservatorio.com.mx\/?p=18540"},"modified":"2021-10-06T22:49:34","modified_gmt":"2021-10-07T03:49:34","slug":"clasifican-surfistas-colimenses-a-nacionales-conade-2021","status":"publish","type":"post","link":"http:\/\/elobservatorio.com.mx\/?p=18540","title":{"rendered":"Clasifican surfistas colimenses a Nacionales Conade 2021"},"content":{"rendered":"<p class=\"x_MsoNormal\"><i><span lang=\"ES-MX\">*Se realizar\u00e1n en el Estado de Oaxaca del 26 al 31 de octubre.<\/span><\/i><\/p>\n<p class=\"x_MsoNormal\"><span lang=\"ES-MX\">Nueve surfistas colimenses clasificaron a los Nacionales Conade 2021, que se realizar\u00e1n del 26 al 31 de octubre en el Estado de Oaxaca, as\u00ed lo dio a conocer Ciria Salazar, directora general del Instituto Colimense del Deporte (Incode).<\/span><\/p>\n<p class=\"x_MsoNormal\"><span lang=\"ES-MX\">La titular del Incode dijo que despu\u00e9s de que se realizara la etapa estatal de la disciplina de surfing de los Nacionales Conade en Manzanillo, con la participaci\u00f3n de alrededor de 15 surfistas del Estado, se calific\u00f3 una en la rama femenil y ocho en la rama varonil en la fase nacional.<\/span><\/p>\n<p class=\"x_MsoNormal\"><span lang=\"ES-MX\">Los clasificados en la categor\u00eda 15-16 a\u00f1os (2006-2007) de la rama varonil son Jacinto Alejandro Silva Y\u00e1\u00f1ez, Rodrigo Artiaga Garc\u00eda, Juan Pablo P\u00e9rez Navarro y El\u00edas \u00c1ngel Prado Gaspar.<\/span><\/p>\n<p class=\"x_MsoNormal\"><span lang=\"ES-MX\">Mientras que en la categor\u00eda 17-19 a\u00f1os (2002-2004) de la rama femenil, calific\u00f3 Mar Huerta Sandoval y en la rama varonil Diego Alonso Ram\u00edrez, Omar Mauricio Ortega Rico, Edgar P\u00e9rez Navarro y Marl\u00edn Al\u00e1n \u00c1valos Prado.<\/span><\/p>\n<p class=\"x_MsoNormal\"><span lang=\"ES-MX\">Asistir\u00e1 como delegado por este deporte a la etapa nacional, Carlos Antonio Bravo Sandoval, Presidente de la Asociaci\u00f3n de Surfing del Estado de Colima.<\/span><\/p>\n","protected":false},"excerpt":{"rendered":"<p>*Se realizar\u00e1n en el Estado de Oaxaca del 26 al 31 de octubre. Nueve surfistas colimenses clasificaron a los Nacionales Conade 2021, que se realizar\u00e1n del 26 al 31 de octubre en el Estado de Oaxaca, as\u00ed lo dio a conocer Ciria Salazar, directora general del Instituto Colimense del Deporte (Incode). La titular del Incode&#8230;<\/p>\n","protected":false},"author":2,"featured_media":18541,"comment_status":"open","ping_status":"open","sticky":false,"template":"","format":"standard","meta":{"footnotes":""},"categories":[21],"tags":[29,30,28],"class_list":["post-18540","post","type-post","status-publish","format-standard","has-post-thumbnail","hentry","category-deportes","tag-grid","tag-news","tag-slider"],"_links":{"self":[{"href":"http:\/\/elobservatorio.com.mx\/index.php?rest_route=\/wp\/v2\/posts\/18540"}],"collection":[{"href":"http:\/\/elobservatorio.com.mx\/index.php?rest_route=\/wp\/v2\/posts"}],"about":[{"href":"http:\/\/elobservatorio.com.mx\/index.php?rest_route=\/wp\/v2\/types\/post"}],"author":[{"embeddable":true,"href":"http:\/\/elobservatorio.com.mx\/index.php?rest_route=\/wp\/v2\/users\/2"}],"replies":[{"embeddable":true,"href":"http:\/\/elobservatorio.com.mx\/index.php?rest_route=%2Fwp%2Fv2%2Fcomments&post=18540"}],"version-history":[{"count":0,"href":"http:\/\/elobservatorio.com.mx\/index.php?rest_route=\/wp\/v2\/posts\/18540\/revisions"}],"wp:featuredmedia":[{"embeddable":true,"href":"http:\/\/elobservatorio.com.mx\/index.php?rest_route=\/wp\/v2\/media\/18541"}],"wp:attachment":[{"href":"http:\/\/elobservatorio.com.mx\/index.php?rest_route=%2Fwp%2Fv2%2Fmedia&parent=18540"}],"wp:term":[{"taxonomy":"category","embeddable":true,"href":"http:\/\/elobservatorio.com.mx\/index.php?rest_route=%2Fwp%2Fv2%2Fcategories&post=18540"},{"taxonomy":"post_tag","embeddable":true,"href":"http:\/\/elobservatorio.com.mx\/index.php?rest_route=%2Fwp%2Fv2%2Ftags&post=18540"}],"curies":[{"name":"wp","href":"https:\/\/api.w.org\/{rel}","templated":true}]}}