{"id":18579,"date":"2021-10-08T23:01:56","date_gmt":"2021-10-09T04:01:56","guid":{"rendered":"http:\/\/elobservatorio.com.mx\/?p=18579"},"modified":"2021-10-08T23:01:56","modified_gmt":"2021-10-09T04:01:56","slug":"con-los-trabajadores-del-ayuntamiento-haremos-equipo-porque-nos-une-la-misma-prioridad-servir-a-los-villalvarenses-tey-gutierrez","status":"publish","type":"post","link":"http:\/\/elobservatorio.com.mx\/?p=18579","title":{"rendered":"Con los trabajadores del Ayuntamiento haremos equipo porque nos une\u00a0la misma prioridad, servir a los villalvarenses: Tey Guti\u00e9rrez"},"content":{"rendered":"<p class=\"x_MsoNormal\">Villa de \u00c1lvarez, Col; a 08 de Octubre de 2021.- \u00a0Estoy convencida de que una vez que asuma la Presidencia municipal de Villa de \u00c1lvarez haremos un gran equipo con los trabajadores sindicalizados porque nos une la misma prioridad que es, servir a los villalvarenses, as\u00ed lo manifest\u00f3 la alcaldesa electa, Tey Guti\u00e9rrez Andrade durante el Primer Informe de Actividades de Teresa Ram\u00edrez Guzm\u00e1n, l\u00edder del Sindicato de Trabajadores al Servicio del Ayuntamiento, DIF y Organismos Descentralizados de Villa de \u00c1lvarez.<\/p>\n<p class=\"x_MsoNormal\">Durante el evento, al solicitarle hacer uso de la voz, Tey Guti\u00e9rrez en presencia de las y los delegados ah\u00ed presentes afirm\u00f3 que estar\u00e1 en toda la disposici\u00f3n de continuar haciendo equipo con los bur\u00f3cratas del ayuntamiento y que siempre respetar\u00e1 su salario porque es sagrado, as\u00ed como sus bonos tambi\u00e9n.<\/p>\n<p class=\"x_MsoNormal\">Indic\u00f3 que estar\u00e1 muy al pendiente, junto con Tere Ram\u00edrez haciendo equipo en todo momento para sacar adelante todo lo que est\u00e1 pendiente en la medida de los presupuestos que vaya generando la pr\u00f3xima administraci\u00f3n municipal.<\/p>\n<p class=\"x_MsoNormal\">Indic\u00f3 que trabajando tambi\u00e9n en equipo con los diputados villalvarenses se revisar\u00e1 a cabalidad c\u00f3mo s\u00ed se puede entrarle para cumplirles a los trabajadores.<\/p>\n<p class=\"x_MsoNormal\">Al felicitar al gremio por su\u00a038 aniversario envi\u00f3 todo su afecto, reconocimiento y respeto al trabajo que desempe\u00f1an todos para el municipio.<\/p>\n<p class=\"x_MsoNormal\">\u201cVean en su servidora a una aliada que siempre estar\u00e1 en comunicaci\u00f3n con ustedes pensando en el beneficio de los trabajadores y del municipio de Villa de \u00c1lvarez\u201d<\/p>\n","protected":false},"excerpt":{"rendered":"<p>Villa de \u00c1lvarez, Col; a 08 de Octubre de 2021.- \u00a0Estoy convencida de que una vez que asuma la Presidencia municipal de Villa de \u00c1lvarez haremos un gran equipo con los trabajadores sindicalizados porque nos une la misma prioridad que es, servir a los villalvarenses, as\u00ed lo manifest\u00f3 la alcaldesa electa, Tey Guti\u00e9rrez Andrade durante&#8230;<\/p>\n","protected":false},"author":2,"featured_media":18580,"comment_status":"open","ping_status":"open","sticky":false,"template":"","format":"standard","meta":{"footnotes":""},"categories":[8,42],"tags":[29,30,28],"class_list":["post-18579","post","type-post","status-publish","format-standard","has-post-thumbnail","hentry","category-municipios","category-villa-de-alvarez","tag-grid","tag-news","tag-slider"],"_links":{"self":[{"href":"http:\/\/elobservatorio.com.mx\/index.php?rest_route=\/wp\/v2\/posts\/18579"}],"collection":[{"href":"http:\/\/elobservatorio.com.mx\/index.php?rest_route=\/wp\/v2\/posts"}],"about":[{"href":"http:\/\/elobservatorio.com.mx\/index.php?rest_route=\/wp\/v2\/types\/post"}],"author":[{"embeddable":true,"href":"http:\/\/elobservatorio.com.mx\/index.php?rest_route=\/wp\/v2\/users\/2"}],"replies":[{"embeddable":true,"href":"http:\/\/elobservatorio.com.mx\/index.php?rest_route=%2Fwp%2Fv2%2Fcomments&post=18579"}],"version-history":[{"count":0,"href":"http:\/\/elobservatorio.com.mx\/index.php?rest_route=\/wp\/v2\/posts\/18579\/revisions"}],"wp:featuredmedia":[{"embeddable":true,"href":"http:\/\/elobservatorio.com.mx\/index.php?rest_route=\/wp\/v2\/media\/18580"}],"wp:attachment":[{"href":"http:\/\/elobservatorio.com.mx\/index.php?rest_route=%2Fwp%2Fv2%2Fmedia&parent=18579"}],"wp:term":[{"taxonomy":"category","embeddable":true,"href":"http:\/\/elobservatorio.com.mx\/index.php?rest_route=%2Fwp%2Fv2%2Fcategories&post=18579"},{"taxonomy":"post_tag","embeddable":true,"href":"http:\/\/elobservatorio.com.mx\/index.php?rest_route=%2Fwp%2Fv2%2Ftags&post=18579"}],"curies":[{"name":"wp","href":"https:\/\/api.w.org\/{rel}","templated":true}]}}