{"id":18582,"date":"2021-10-09T10:42:42","date_gmt":"2021-10-09T15:42:42","guid":{"rendered":"http:\/\/elobservatorio.com.mx\/?p=18582"},"modified":"2021-10-09T10:42:42","modified_gmt":"2021-10-09T15:42:42","slug":"el-proximo-martes-la-eleccion-y-coronacion-de-la-reina-de-la-feria","status":"publish","type":"post","link":"http:\/\/elobservatorio.com.mx\/?p=18582","title":{"rendered":"El pr\u00f3ximo martes la elecci\u00f3n y coronaci\u00f3n de la Reina de la Feria"},"content":{"rendered":"<p class=\"x_MsoNormal\"><em><span lang=\"ES-MX\">*El evento se realizar\u00e1 a partir de las 18:00 horas<\/span><\/em><\/p>\n<p class=\"x_MsoNormal\"><span lang=\"ES-MX\">\u00a0<\/span><span lang=\"ES-MX\">La etapa final de la elecci\u00f3n y coronaci\u00f3n de la reina de la Feria de Todos los Santos 2021 se llevar\u00e1 a cabo el pr\u00f3ximo martes 12 de octubre a partir de las 18:00 horas, inform\u00f3 el director del Instituto de Fomento de Ferias y Exposiciones de Colima (Iffecol) Rogelio Guti\u00e9rrez Preciado.<\/span><\/p>\n<p class=\"x_MsoNormal\"><span lang=\"ES-MX\">Este d\u00eda se llev\u00f3 a cabo una primera etapa que por primera vez en la historia de la feria se realiza de manera previa al certamen.<\/span><\/p>\n<p class=\"x_MsoNormal\"><span lang=\"ES-MX\">En esta primera etapa cada candidata present\u00f3 un proyecto social con la intenci\u00f3n de transformar, coadyuvar o erradicar uno o varios problemas sociales de su municipio o del estado, mismo que fue motivo de evaluaci\u00f3n.<\/span><\/p>\n<p class=\"x_MsoNormal\"><span lang=\"ES-MX\">Atendiendo las recomendaciones sanitarias por la pandemia, dicho evento se llev\u00f3 a cabo de manera privada y se trasmiti\u00f3 en la p\u00e1gina oficial del Iffecol<\/span><\/p>\n","protected":false},"excerpt":{"rendered":"<p>*El evento se realizar\u00e1 a partir de las 18:00 horas \u00a0La etapa final de la elecci\u00f3n y coronaci\u00f3n de la reina de la Feria de Todos los Santos 2021 se llevar\u00e1 a cabo el pr\u00f3ximo martes 12 de octubre a partir de las 18:00 horas, inform\u00f3 el director del Instituto de Fomento de Ferias y&#8230;<\/p>\n","protected":false},"author":2,"featured_media":18583,"comment_status":"open","ping_status":"open","sticky":false,"template":"","format":"standard","meta":{"footnotes":""},"categories":[16],"tags":[29,30,28],"class_list":["post-18582","post","type-post","status-publish","format-standard","has-post-thumbnail","hentry","category-gobierno","tag-grid","tag-news","tag-slider"],"_links":{"self":[{"href":"http:\/\/elobservatorio.com.mx\/index.php?rest_route=\/wp\/v2\/posts\/18582"}],"collection":[{"href":"http:\/\/elobservatorio.com.mx\/index.php?rest_route=\/wp\/v2\/posts"}],"about":[{"href":"http:\/\/elobservatorio.com.mx\/index.php?rest_route=\/wp\/v2\/types\/post"}],"author":[{"embeddable":true,"href":"http:\/\/elobservatorio.com.mx\/index.php?rest_route=\/wp\/v2\/users\/2"}],"replies":[{"embeddable":true,"href":"http:\/\/elobservatorio.com.mx\/index.php?rest_route=%2Fwp%2Fv2%2Fcomments&post=18582"}],"version-history":[{"count":0,"href":"http:\/\/elobservatorio.com.mx\/index.php?rest_route=\/wp\/v2\/posts\/18582\/revisions"}],"wp:featuredmedia":[{"embeddable":true,"href":"http:\/\/elobservatorio.com.mx\/index.php?rest_route=\/wp\/v2\/media\/18583"}],"wp:attachment":[{"href":"http:\/\/elobservatorio.com.mx\/index.php?rest_route=%2Fwp%2Fv2%2Fmedia&parent=18582"}],"wp:term":[{"taxonomy":"category","embeddable":true,"href":"http:\/\/elobservatorio.com.mx\/index.php?rest_route=%2Fwp%2Fv2%2Fcategories&post=18582"},{"taxonomy":"post_tag","embeddable":true,"href":"http:\/\/elobservatorio.com.mx\/index.php?rest_route=%2Fwp%2Fv2%2Ftags&post=18582"}],"curies":[{"name":"wp","href":"https:\/\/api.w.org\/{rel}","templated":true}]}}