{"id":18664,"date":"2021-10-14T14:08:11","date_gmt":"2021-10-14T19:08:11","guid":{"rendered":"http:\/\/elobservatorio.com.mx\/?p=18664"},"modified":"2021-10-14T14:08:11","modified_gmt":"2021-10-14T19:08:11","slug":"es-tu-oportunidad-abre-morena-su-proceso-de-afiliacion-en-linea","status":"publish","type":"post","link":"http:\/\/elobservatorio.com.mx\/?p=18664","title":{"rendered":"\u00a1Es tu oportunidad!: Abre MORENA su proceso de afiliaci\u00f3n en l\u00ednea"},"content":{"rendered":"<p><em>*<\/em><em>Podr\u00e1n afiliarse las y los mexicanos dispuestos a luchar por un cambio verdadero<\/em><\/p>\n<p>El Comit\u00e9 Ejecutivo Estatal de morena, a trav\u00e9s de su Secretar\u00eda de Organizaci\u00f3n, informa a los militantes, simpatizantes y ciudadan\u00eda en general, el acuerdo del Comit\u00e9 Ejecutivo Nacional (CEN) de abrir su proceso de afiliaci\u00f3n, con el fin de que todas y todos tengamos la posibilidad de convertirnos en Protagonistas del cambio verdadero o refrendar la voluntad de continuar formando parte de la militancia morenista.<\/p>\n<p>As\u00ed lo se\u00f1al\u00f3 el presidente del CEE, Sergio Jim\u00e9nez Bojado, quien detall\u00f3 que la solicitud de afiliaci\u00f3n puede realizarse en la p\u00e1gina <a href=\"https:\/\/morena.si\" target=\"_blank\" rel=\"noopener\">https:\/\/morena.si<\/a> o directamente desde la liga <a href=\"https:\/\/afiliacion.morena.app\/\" target=\"_blank\" rel=\"noopener\">https:\/\/afiliacion.morena.app\/<\/a>, desde cualquier dispositivo electr\u00f3nico que cuente con c\u00e1mara (computadora, tablet, tel\u00e9fono celular)<\/p>\n<p>Para ello, continu\u00f3 Jim\u00e9nez Bojado, es necesario seguir una serie de sencillos pasos que la plataforma se\u00f1ala, as\u00ed como descargar y llenar el formato de afiliaci\u00f3n, el cual se deber\u00e1 escanear despu\u00e9s de llenado, al igual que la Credencial de Elector vigente y una fotograf\u00eda tama\u00f1o infantil.<\/p>\n<p>Por su parte, la delegada en funciones de la Secretar\u00eda de Organizaci\u00f3n, Mar\u00eda Amparo \u00c1lvarez Espinoza, record\u00f3 que, como lo marca el Art\u00edculo 4\u00b0 del Estatuto, \u201cpodr\u00e1n afiliarse las y los mexicanos mayores de 15 a\u00f1os dispuestos a luchar por un cambio verdadero, y que est\u00e9n de acuerdo con los principios, valores y formas pac\u00edficas de lucha que nuestro partido determine. La afiliaci\u00f3n ser\u00e1 individual, personal, libre, pac\u00edfica y voluntaria\u201d.<\/p>\n<p>Finalmente, la delegada coment\u00f3 que quienes no tengan la oportunidad de acceder a la plataforma en l\u00ednea, a partir del lunes 18 de octubre podr\u00e1n acudir a la sede estatal del partido, ubicada en Vicente Guerrero #570, Col. Centro, de Colima, Col., donde se les brindar\u00e1 el acompa\u00f1amiento para su debida solicitud de registro.<\/p>\n","protected":false},"excerpt":{"rendered":"<p>*Podr\u00e1n afiliarse las y los mexicanos dispuestos a luchar por un cambio verdadero El Comit\u00e9 Ejecutivo Estatal de morena, a trav\u00e9s de su Secretar\u00eda de Organizaci\u00f3n, informa a los militantes, simpatizantes y ciudadan\u00eda en general, el acuerdo del Comit\u00e9 Ejecutivo Nacional (CEN) de abrir su proceso de afiliaci\u00f3n, con el fin de que todas y&#8230;<\/p>\n","protected":false},"author":2,"featured_media":18665,"comment_status":"open","ping_status":"open","sticky":false,"template":"","format":"standard","meta":{"footnotes":""},"categories":[10],"tags":[29,30,28],"class_list":["post-18664","post","type-post","status-publish","format-standard","has-post-thumbnail","hentry","category-politica","tag-grid","tag-news","tag-slider"],"_links":{"self":[{"href":"http:\/\/elobservatorio.com.mx\/index.php?rest_route=\/wp\/v2\/posts\/18664"}],"collection":[{"href":"http:\/\/elobservatorio.com.mx\/index.php?rest_route=\/wp\/v2\/posts"}],"about":[{"href":"http:\/\/elobservatorio.com.mx\/index.php?rest_route=\/wp\/v2\/types\/post"}],"author":[{"embeddable":true,"href":"http:\/\/elobservatorio.com.mx\/index.php?rest_route=\/wp\/v2\/users\/2"}],"replies":[{"embeddable":true,"href":"http:\/\/elobservatorio.com.mx\/index.php?rest_route=%2Fwp%2Fv2%2Fcomments&post=18664"}],"version-history":[{"count":0,"href":"http:\/\/elobservatorio.com.mx\/index.php?rest_route=\/wp\/v2\/posts\/18664\/revisions"}],"wp:featuredmedia":[{"embeddable":true,"href":"http:\/\/elobservatorio.com.mx\/index.php?rest_route=\/wp\/v2\/media\/18665"}],"wp:attachment":[{"href":"http:\/\/elobservatorio.com.mx\/index.php?rest_route=%2Fwp%2Fv2%2Fmedia&parent=18664"}],"wp:term":[{"taxonomy":"category","embeddable":true,"href":"http:\/\/elobservatorio.com.mx\/index.php?rest_route=%2Fwp%2Fv2%2Fcategories&post=18664"},{"taxonomy":"post_tag","embeddable":true,"href":"http:\/\/elobservatorio.com.mx\/index.php?rest_route=%2Fwp%2Fv2%2Ftags&post=18664"}],"curies":[{"name":"wp","href":"https:\/\/api.w.org\/{rel}","templated":true}]}}