{"id":18670,"date":"2021-10-16T12:27:09","date_gmt":"2021-10-16T17:27:09","guid":{"rendered":"http:\/\/elobservatorio.com.mx\/?p=18670"},"modified":"2021-10-16T12:28:17","modified_gmt":"2021-10-16T17:28:17","slug":"lograr-la-paz-y-la-calma-la-meta-en-seguridad-para-la-villa-tey","status":"publish","type":"post","link":"http:\/\/elobservatorio.com.mx\/?p=18670","title":{"rendered":"Lograr la paz y la calma, la meta  en seguridad para la Villa: Tey"},"content":{"rendered":"<p class=\"x_gmail-MsoNoSpacing\"><em>*Asume la Presidenta Municipal el mando de la seguridad p\u00fablica.<\/em><\/p>\n<p class=\"x_gmail-MsoNoSpacing\"><b>Villa de \u00c1lvarez, Col.-<\/b>\u00a0Al asumir el mando de la seguridad p\u00fablica del municipio, Esther Guti\u00e9rrez Andrade, Alcaldesa de Villa de \u00c1lvarez, \u00a0fij\u00f3 como meta en esa materia, alcanzar la paz y la calma.<\/p>\n<p class=\"x_gmail-MsoNoSpacing\">\u201cTodas y todos hemos sido testigos del incremento de la inseguridad en Villa de \u00c1lvarez, cada vez m\u00e1s nos sentimos inseguros en nuestra colonia y casa, eso no deber\u00eda de pasar, por lo contrario, estar en paz y calma debe ser la meta que debemos construir cada una y uno de nosotros\u201d, dijo la Presidenta Municipal en el Complejo de Seguridad P\u00fablica.<\/p>\n<p class=\"x_gmail-MsoNoSpacing\">Asegur\u00f3 que cada ciudadano de Villa de \u00c1lvarez tiene la esperanza de que regrese la tranquilidad en la que viv\u00eda, por eso, \u201cen cada uno de los trabajadores del Ayuntamiento debe estar la colaboraci\u00f3n para que suceda y en ustedes, nuestros polic\u00edas, quienes dan la vida por todos, ustedes los aliados del pueblo y mi fortaleza, buscaremos las mejores estrategias para avanzar en ello\u201d.<\/p>\n<p class=\"x_gmail-MsoNoSpacing\">En el evento celebrado los primeros minutos de este 16 de octubre, la Presidenta Tey Guti\u00e9rrez recibi\u00f3 de Sergio Granados Aguilar, Director General saliente de la Polic\u00eda Municipal, Tr\u00e1nsito y Vialidad y Protecci\u00f3n Civil, el acta de entrega-recepci\u00f3n del estado administrativo que guarda esa Direcci\u00f3n.<\/p>\n<p class=\"x_gmail-MsoNoSpacing\">A los agentes Policiacos, Viales y de Protecci\u00f3n Civil, la Alcaldesa les dijo que en ella tienen a una aliada, \u201ca una Presidenta con muchos pero muchos deseos de que los espacios p\u00fablicos sean ocupados por la gente, que las ni\u00f1as, ni\u00f1os y j\u00f3venes realicen actividades que los desarrollen de manera integral y ustedes son una pieza importante para lograrlo\u201d.<\/p>\n<p class=\"x_gmail-MsoNoSpacing\">Por ese motivo, les expreso la necesidad de estar alertas, audaces, confiables, cercanos a la gente, emp\u00e1ticos y con la autoridad lista para ejercer si no se cumple con la ley.<\/p>\n<p class=\"x_gmail-MsoNoSpacing\">Reconoci\u00f3 la existencia de una deuda grande con la instituci\u00f3n policial, por lo que desde el a\u00f1o 2012 cuando fue regidora, asumi\u00f3 el compromiso que de llegar a ser Presidenta Municipal, no abandonarlos, \u201ces decir, los voy a acompa\u00f1ar, porque para lograr la seguridad integral necesito que ustedes tengan los elementos para apoyarme en esta gran tarea\u201d.<\/p>\n<p class=\"x_gmail-MsoNoSpacing\">Agreg\u00f3: \u201cAy\u00fadenme a que Villa de \u00c1lvarez siga teniendo la mejor polic\u00eda, a que la gente se sienta segura en su casa, y a todas y todos lo dem\u00e1s, nos tocar\u00e1 cumplir la ley, hacerla cumplir y promover el desarrollo social\u201d.<\/p>\n","protected":false},"excerpt":{"rendered":"<p>*Asume la Presidenta Municipal el mando de la seguridad p\u00fablica. Villa de \u00c1lvarez, Col.-\u00a0Al asumir el mando de la seguridad p\u00fablica del municipio, Esther Guti\u00e9rrez Andrade, Alcaldesa de Villa de \u00c1lvarez, \u00a0fij\u00f3 como meta en esa materia, alcanzar la paz y la calma. \u201cTodas y todos hemos sido testigos del incremento de la inseguridad en&#8230;<\/p>\n","protected":false},"author":2,"featured_media":18671,"comment_status":"open","ping_status":"open","sticky":false,"template":"","format":"standard","meta":{"footnotes":""},"categories":[8,42],"tags":[29,30,28],"class_list":["post-18670","post","type-post","status-publish","format-standard","has-post-thumbnail","hentry","category-municipios","category-villa-de-alvarez","tag-grid","tag-news","tag-slider"],"_links":{"self":[{"href":"http:\/\/elobservatorio.com.mx\/index.php?rest_route=\/wp\/v2\/posts\/18670"}],"collection":[{"href":"http:\/\/elobservatorio.com.mx\/index.php?rest_route=\/wp\/v2\/posts"}],"about":[{"href":"http:\/\/elobservatorio.com.mx\/index.php?rest_route=\/wp\/v2\/types\/post"}],"author":[{"embeddable":true,"href":"http:\/\/elobservatorio.com.mx\/index.php?rest_route=\/wp\/v2\/users\/2"}],"replies":[{"embeddable":true,"href":"http:\/\/elobservatorio.com.mx\/index.php?rest_route=%2Fwp%2Fv2%2Fcomments&post=18670"}],"version-history":[{"count":0,"href":"http:\/\/elobservatorio.com.mx\/index.php?rest_route=\/wp\/v2\/posts\/18670\/revisions"}],"wp:featuredmedia":[{"embeddable":true,"href":"http:\/\/elobservatorio.com.mx\/index.php?rest_route=\/wp\/v2\/media\/18671"}],"wp:attachment":[{"href":"http:\/\/elobservatorio.com.mx\/index.php?rest_route=%2Fwp%2Fv2%2Fmedia&parent=18670"}],"wp:term":[{"taxonomy":"category","embeddable":true,"href":"http:\/\/elobservatorio.com.mx\/index.php?rest_route=%2Fwp%2Fv2%2Fcategories&post=18670"},{"taxonomy":"post_tag","embeddable":true,"href":"http:\/\/elobservatorio.com.mx\/index.php?rest_route=%2Fwp%2Fv2%2Ftags&post=18670"}],"curies":[{"name":"wp","href":"https:\/\/api.w.org\/{rel}","templated":true}]}}