{"id":18765,"date":"2021-10-19T12:50:54","date_gmt":"2021-10-19T17:50:54","guid":{"rendered":"http:\/\/elobservatorio.com.mx\/?p=18765"},"modified":"2021-10-19T12:53:13","modified_gmt":"2021-10-19T17:53:13","slug":"consejo-de-la-comapat-toma-protesta-a-jesus-rojas-como-director-general","status":"publish","type":"post","link":"http:\/\/elobservatorio.com.mx\/?p=18765","title":{"rendered":"Consejo de la Comapat, nombra a Jes\u00fas Rojas como director general"},"content":{"rendered":"<p>En el marco de la primera sesi\u00f3n del Consejo de Administraci\u00f3n de la Comisi\u00f3n Municipal de Agua Potable y Alcantarillado de Tecom\u00e1n (COMAPAT), el Presidente Municipal El\u00edas Lozano, tom\u00f3 protesta como Presidente del Consejo de Administraci\u00f3n de la COMAPAT para el periodo 2021-2024 y present\u00f3 una terna integrada por Juan Jos\u00e9 Rosales Barreto, Cesar Agust\u00edn Larios y J. Jes\u00fas Rojas Ferm\u00edn, para elegir al nuevo director del organismo operador del agua, eligi\u00e9ndose por mayor\u00eda de los integrantes del Consejo, al Contador P\u00fablico J. Jes\u00fas Rojas Ferm\u00edn, es decir, 11 de los 15 integrantes, votaron a favor.<\/p>\n<p>El Presidente Municipal y Presidente del Consejo de Administraci\u00f3n de la COMAPAT El\u00edas Lozano destac\u00f3 la trayectoria y amplia experiencia en el servicio p\u00fablico de J. Jes\u00fas Rojas Ferm\u00edn y agradeci\u00f3 al director saliente Cuauht\u00e9moc Guti\u00e9rrez Espinosa por el servicio que prest\u00f3 a la ciudadan\u00eda al frente del organismo operador.<\/p>\n<p>Cabe destacar que en el marco de esta sesi\u00f3n, el Tesorero Municipal Armando Zamora Gonz\u00e1lez tom\u00f3 protesta como comisario ante el consejo, mientras que las regidoras Laura Patricia Montes Camacho y Mar\u00eda Guadalupe Orozco tomaron protesta como nuevas integrantes del consejo.<\/p>\n<p>Se destaca la presencia de los cuatro diputados locales integrantes del Consejo de Administraci\u00f3n Viridiana Valencia Vargas, Armando Reyna Maga\u00f1a, Julio Cesar Cano Far\u00edas y Rigoberto Garc\u00eda<\/p>\n","protected":false},"excerpt":{"rendered":"<p>En el marco de la primera sesi\u00f3n del Consejo de Administraci\u00f3n de la Comisi\u00f3n Municipal de Agua Potable y Alcantarillado de Tecom\u00e1n (COMAPAT), el Presidente Municipal El\u00edas Lozano, tom\u00f3 protesta como Presidente del Consejo de Administraci\u00f3n de la COMAPAT para el periodo 2021-2024 y present\u00f3 una terna integrada por Juan Jos\u00e9 Rosales Barreto, Cesar Agust\u00edn&#8230;<\/p>\n","protected":false},"author":2,"featured_media":18766,"comment_status":"open","ping_status":"open","sticky":false,"template":"","format":"standard","meta":{"footnotes":""},"categories":[8,34],"tags":[29,30,28],"class_list":["post-18765","post","type-post","status-publish","format-standard","has-post-thumbnail","hentry","category-municipios","category-tecoman","tag-grid","tag-news","tag-slider"],"_links":{"self":[{"href":"http:\/\/elobservatorio.com.mx\/index.php?rest_route=\/wp\/v2\/posts\/18765"}],"collection":[{"href":"http:\/\/elobservatorio.com.mx\/index.php?rest_route=\/wp\/v2\/posts"}],"about":[{"href":"http:\/\/elobservatorio.com.mx\/index.php?rest_route=\/wp\/v2\/types\/post"}],"author":[{"embeddable":true,"href":"http:\/\/elobservatorio.com.mx\/index.php?rest_route=\/wp\/v2\/users\/2"}],"replies":[{"embeddable":true,"href":"http:\/\/elobservatorio.com.mx\/index.php?rest_route=%2Fwp%2Fv2%2Fcomments&post=18765"}],"version-history":[{"count":0,"href":"http:\/\/elobservatorio.com.mx\/index.php?rest_route=\/wp\/v2\/posts\/18765\/revisions"}],"wp:featuredmedia":[{"embeddable":true,"href":"http:\/\/elobservatorio.com.mx\/index.php?rest_route=\/wp\/v2\/media\/18766"}],"wp:attachment":[{"href":"http:\/\/elobservatorio.com.mx\/index.php?rest_route=%2Fwp%2Fv2%2Fmedia&parent=18765"}],"wp:term":[{"taxonomy":"category","embeddable":true,"href":"http:\/\/elobservatorio.com.mx\/index.php?rest_route=%2Fwp%2Fv2%2Fcategories&post=18765"},{"taxonomy":"post_tag","embeddable":true,"href":"http:\/\/elobservatorio.com.mx\/index.php?rest_route=%2Fwp%2Fv2%2Ftags&post=18765"}],"curies":[{"name":"wp","href":"https:\/\/api.w.org\/{rel}","templated":true}]}}