{"id":18956,"date":"2021-10-29T13:32:30","date_gmt":"2021-10-29T18:32:30","guid":{"rendered":"http:\/\/elobservatorio.com.mx\/?p=18956"},"modified":"2021-10-29T13:32:30","modified_gmt":"2021-10-29T18:32:30","slug":"instalan-en-la-villa-programa-de-las-misiones-culturales","status":"publish","type":"post","link":"http:\/\/elobservatorio.com.mx\/?p=18956","title":{"rendered":"Instalan en la Villa programa de las Misiones Culturales"},"content":{"rendered":"<p class=\"x_gmail-MsoNoSpacing\"><em>*Brindar\u00e1n capacitaci\u00f3n para el empleo y certificar\u00e1n la ense\u00f1anza de artes y oficios<\/em><\/p>\n<p class=\"x_gmail-MsoNoSpacing\"><b>\u00a0<\/b><b>Villa de \u00c1lvarez, Col.-<\/b>\u00a0Las Misiones Culturales \u201cRafael Ram\u00edrez\u201d, programa que certifica la capacitaci\u00f3n para el trabajo, \u00a0fue instalada en este municipio y est\u00e1 conformada por un equipo de especialistas dedicados a la ense\u00f1anza de artes y oficios dirigido a j\u00f3venes y adultos.<\/p>\n<p class=\"x_gmail-MsoNoSpacing\">En la inauguraci\u00f3n de sus oficinas, ubicadas en Avenida Benito Ju\u00e1rez 1000, la Presidenta Municipal Tey Guti\u00e9rrez Andrade se\u00f1al\u00f3 que las Misiones Culturales promover\u00e1n el mejoramiento econ\u00f3mico, cultural y social de los villalvarenses, fomentando e impulsando el desarrollo social del municipio.<\/p>\n<p class=\"x_gmail-MsoNoSpacing\">Expuso que las Misiones Culturales son bienvenidas en Villa de \u00c1lvarez, pues su concepto de llevar a las colonias y barrios la capacitaci\u00f3n para el empleo es muy importante y ayudar\u00e1 para fortalecer a los habitantes del municipio.<\/p>\n<p class=\"x_gmail-MsoNoSpacing\">Adelant\u00f3 que su gobierno har\u00e1 equipo con las Misiones Culturales para fortalecerlos\u00a0 en las colonias, \u201cporque s\u00e9 que ustedes traen todas las ganas del mundo para hacer bien las cosas\u201d.<\/p>\n<p class=\"x_gmail-MsoNoSpacing\">Miguel Sol\u00eds Ram\u00edrez, \u00a0representante del Secretario de Educaci\u00f3n, \u00a0Jaime Flores Merlo, mencion\u00f3 que la Presidenta Tey Guti\u00e9rrez sabe de la necesidad de impartir educaci\u00f3n, no s\u00f3lo en la escuela sino tambi\u00e9n en la calle, pues es necesario educar con oficios, educar para para mejorar la salud y en ocasiones educar en materia de educaci\u00f3n b\u00e1sica a personas mayores de 15 a\u00f1os de edad.<\/p>\n<p class=\"x_gmail-MsoNoSpacing\">Dijo que la tarea de las Misiones Culturales es grande, pues su din\u00e1mica busca atender varias colonias a la vez, \u201cy con la intenci\u00f3n de generar desarrollo integral, a trav\u00e9s del Ayuntamiento nos cobijar\u00e1n con m\u00e1s programas que le dar\u00e1n crecimiento a esas personas\u201d.<\/p>\n<p class=\"x_gmail-MsoNoSpacing\">En la instalaci\u00f3n de las Misiones Culturales \u201cRafael Ram\u00edrez\u201d participaron tambi\u00e9n Jos\u00e9 de Jes\u00fas Jim\u00e9nez, director de la Misi\u00f3n Cultural; Octavio Robles, supervisor de las Misiones Culturales; el S\u00edndico Jos\u00e9 Santos Dolores, y los Regidores Adri\u00e1n L\u00f3pez y Roberto Rol\u00f3n, entre otros funcionarios p\u00fablicos.<\/p>\n","protected":false},"excerpt":{"rendered":"<p>*Brindar\u00e1n capacitaci\u00f3n para el empleo y certificar\u00e1n la ense\u00f1anza de artes y oficios \u00a0Villa de \u00c1lvarez, Col.-\u00a0Las Misiones Culturales \u201cRafael Ram\u00edrez\u201d, programa que certifica la capacitaci\u00f3n para el trabajo, \u00a0fue instalada en este municipio y est\u00e1 conformada por un equipo de especialistas dedicados a la ense\u00f1anza de artes y oficios dirigido a j\u00f3venes y adultos&#8230;.<\/p>\n","protected":false},"author":2,"featured_media":18957,"comment_status":"open","ping_status":"open","sticky":false,"template":"","format":"standard","meta":{"footnotes":""},"categories":[8,42],"tags":[29,30,28],"class_list":["post-18956","post","type-post","status-publish","format-standard","has-post-thumbnail","hentry","category-municipios","category-villa-de-alvarez","tag-grid","tag-news","tag-slider"],"_links":{"self":[{"href":"http:\/\/elobservatorio.com.mx\/index.php?rest_route=\/wp\/v2\/posts\/18956"}],"collection":[{"href":"http:\/\/elobservatorio.com.mx\/index.php?rest_route=\/wp\/v2\/posts"}],"about":[{"href":"http:\/\/elobservatorio.com.mx\/index.php?rest_route=\/wp\/v2\/types\/post"}],"author":[{"embeddable":true,"href":"http:\/\/elobservatorio.com.mx\/index.php?rest_route=\/wp\/v2\/users\/2"}],"replies":[{"embeddable":true,"href":"http:\/\/elobservatorio.com.mx\/index.php?rest_route=%2Fwp%2Fv2%2Fcomments&post=18956"}],"version-history":[{"count":0,"href":"http:\/\/elobservatorio.com.mx\/index.php?rest_route=\/wp\/v2\/posts\/18956\/revisions"}],"wp:featuredmedia":[{"embeddable":true,"href":"http:\/\/elobservatorio.com.mx\/index.php?rest_route=\/wp\/v2\/media\/18957"}],"wp:attachment":[{"href":"http:\/\/elobservatorio.com.mx\/index.php?rest_route=%2Fwp%2Fv2%2Fmedia&parent=18956"}],"wp:term":[{"taxonomy":"category","embeddable":true,"href":"http:\/\/elobservatorio.com.mx\/index.php?rest_route=%2Fwp%2Fv2%2Fcategories&post=18956"},{"taxonomy":"post_tag","embeddable":true,"href":"http:\/\/elobservatorio.com.mx\/index.php?rest_route=%2Fwp%2Fv2%2Ftags&post=18956"}],"curies":[{"name":"wp","href":"https:\/\/api.w.org\/{rel}","templated":true}]}}