{"id":1897,"date":"2019-01-25T23:40:09","date_gmt":"2019-01-25T23:40:09","guid":{"rendered":"http:\/\/elobservatorio.com.mx\/acusa-mineria-colimense-dano-por-bloqueos-de-maestros-a-las-vias-ferreas-en-michoacan"},"modified":"2019-01-25T23:40:09","modified_gmt":"2019-01-25T23:40:09","slug":"acusa-mineria-colimense-dano-por-bloqueos-de-maestros-a-las-vias-ferreas-en-michoacan","status":"publish","type":"post","link":"http:\/\/elobservatorio.com.mx\/?p=1897","title":{"rendered":"Acusa miner\u00eda colimense da\u00f1o por bloqueos de maestros a las v\u00edas ferreas en Michoac\u00e1n"},"content":{"rendered":"<p><em>*Las empresas productoras de mineral de hierro en Colima presentan serias afectaciones en la transportaci\u00f3n de su producci\u00f3n, lo cual se agravar\u00e1 al paso de los d\u00edas porque no existe capacidad de almacenaje<\/em><\/p>\n<p>El bloqueo de 10 d\u00edas a las v\u00edas f\u00e9rreas de Michoac\u00e1n por maestros del Estado para exigir el pago de adeudos ha ocasionado p\u00e9rdidas por 7 mil 500 millones de pesos a diversas industrias, entre ellas, la minera.<\/p>\n<p>\u00abLas empresas productoras de mineral de hierro en ese estado y en Colima presentan serias afectaciones en la transportaci\u00f3n de su producci\u00f3n, lo cual se agravar\u00e1 al paso de los d\u00edas porque no existe capacidad de almacenaje\u00bb, refiri\u00f3 la C\u00e1mara Minera (Camimex) a trav\u00e9s de un comunicado de prensa.<\/p>\n<p>Agreg\u00f3 que espera la pronta resoluci\u00f3n a esta problem\u00e1tica para que se pueda regularizar la transportaci\u00f3n de carga en los dos estados afectados.<\/p>\n<p>Esto sucede luego de que la industria registr\u00f3 en el \u00faltimo trimestre de 2018 una ca\u00edda del 4.9 por ciento, lo cual la coloc\u00f3 debajo del sector de transportes por su desempe\u00f1o en la econom\u00eda nacional.<\/p>\n<p>La Confederaci\u00f3n de C\u00e1maras Industriales (Concamin), la C\u00e1mara Nacional de la Industria del Hierro y el Acero (Canacero), la Asociaci\u00f3n Mexicana de la Industria Automotriz (AMIA) y la Asociaci\u00f3n Nacional de Productores de Autobuses, Camiones y Tractocamiones (ANPACT) emitieron un comunicado en el que urgen el apoyo estatal para resolver este problema.<\/p>\n<p>Aseguraron que las terminales de carga se est\u00e1n saturando con la acumulaci\u00f3n de m\u00e1s de 129 trenes, m\u00e1s de 8 mil 200 contenedores y m\u00e1s de un mill\u00f3n de toneladas de insumos y productos.<\/p>\n","protected":false},"excerpt":{"rendered":"<p>*Las empresas productoras de mineral de hierro en Colima presentan serias afectaciones en la transportaci\u00f3n de su producci\u00f3n, lo cual se agravar\u00e1 al paso de los d\u00edas porque no existe capacidad de almacenaje El bloqueo de 10 d\u00edas a las v\u00edas f\u00e9rreas de Michoac\u00e1n por maestros del Estado para exigir el pago de adeudos ha&#8230;<\/p>\n","protected":false},"author":2,"featured_media":1898,"comment_status":"open","ping_status":"open","sticky":false,"template":"","format":"standard","meta":{"footnotes":""},"categories":[17],"tags":[29,30,28],"class_list":["post-1897","post","type-post","status-publish","format-standard","has-post-thumbnail","hentry","category-economia-y-negocios","tag-grid","tag-news","tag-slider"],"_links":{"self":[{"href":"http:\/\/elobservatorio.com.mx\/index.php?rest_route=\/wp\/v2\/posts\/1897"}],"collection":[{"href":"http:\/\/elobservatorio.com.mx\/index.php?rest_route=\/wp\/v2\/posts"}],"about":[{"href":"http:\/\/elobservatorio.com.mx\/index.php?rest_route=\/wp\/v2\/types\/post"}],"author":[{"embeddable":true,"href":"http:\/\/elobservatorio.com.mx\/index.php?rest_route=\/wp\/v2\/users\/2"}],"replies":[{"embeddable":true,"href":"http:\/\/elobservatorio.com.mx\/index.php?rest_route=%2Fwp%2Fv2%2Fcomments&post=1897"}],"version-history":[{"count":0,"href":"http:\/\/elobservatorio.com.mx\/index.php?rest_route=\/wp\/v2\/posts\/1897\/revisions"}],"wp:featuredmedia":[{"embeddable":true,"href":"http:\/\/elobservatorio.com.mx\/index.php?rest_route=\/wp\/v2\/media\/1898"}],"wp:attachment":[{"href":"http:\/\/elobservatorio.com.mx\/index.php?rest_route=%2Fwp%2Fv2%2Fmedia&parent=1897"}],"wp:term":[{"taxonomy":"category","embeddable":true,"href":"http:\/\/elobservatorio.com.mx\/index.php?rest_route=%2Fwp%2Fv2%2Fcategories&post=1897"},{"taxonomy":"post_tag","embeddable":true,"href":"http:\/\/elobservatorio.com.mx\/index.php?rest_route=%2Fwp%2Fv2%2Ftags&post=1897"}],"curies":[{"name":"wp","href":"https:\/\/api.w.org\/{rel}","templated":true}]}}