{"id":18973,"date":"2021-10-31T22:39:31","date_gmt":"2021-11-01T04:39:31","guid":{"rendered":"http:\/\/elobservatorio.com.mx\/?p=18973"},"modified":"2021-10-31T22:39:31","modified_gmt":"2021-11-01T04:39:31","slug":"gracias-colimenses-por-brindarme-la-oportunidad-de-servirles-nacho-peralta","status":"publish","type":"post","link":"http:\/\/elobservatorio.com.mx\/?p=18973","title":{"rendered":"Gracias colimenses por brindarme la oportunidad de servirles: Nacho Peralta"},"content":{"rendered":"<p class=\"x_MsoNormal\"><i>*Me voy con sentimientos encontrados; s\u00e9 que dejar\u00e9 un legado importante de obras y acciones; pero con el gran pesar del impago a trabajadores y el tema de la seguridad p\u00fablica\u00a0<\/i><\/p>\n<p class=\"x_MsoNormal\">El gobernador, Jos\u00e9 Ignacio Peralta S\u00e1nchez, reconoci\u00f3 que termina su administraci\u00f3n con sentimientos encontrados, sin embargo, extern\u00f3 su agradecimiento a las y los colimenses porque le brindaron la oportunidad de servirles.<\/p>\n<p class=\"x_MsoNormal\">En lo que fue su \u00faltimo mensaje como gobernador del estado difundido a trav\u00e9s de las cuentas oficiales de redes sociales, Peralta S\u00e1nchez dijo que ser\u00e1 la historia la que dar\u00e1 cuenta de los logros alcanzados durante su gobierno.<\/p>\n<p class=\"x_MsoNormal\">Destac\u00f3 que parte del legado que deja son la restauraci\u00f3n de Palacio de Gobierno, la construcci\u00f3n del edificio del C5i y su tecnolog\u00eda, la transformaci\u00f3n de la Unidad Deportiva Morelos y el reci\u00e9n inaugurado Centro Acu\u00e1tico de Occidente.<\/p>\n<p class=\"x_MsoNormal\">De igual manera ponder\u00f3 las nuevas instalaciones de la Zona Militar y el parque urbano en la Calzada Galv\u00e1n, el rescate del Parque Ecol\u00f3gico y Arqueol\u00f3gico La Campana, as\u00ed como el programa de uniforme escolar gratuito.<\/p>\n<p class=\"x_MsoNormal\">El mandatario estatal reconoci\u00f3 que termina insatisfecho su gobierno al no haber alcanzado los niveles de seguridad que la poblaci\u00f3n de Colima exige.<\/p>\n<p class=\"x_MsoNormal\">\u201cAunque trabaj\u00e9 desde el primer y hasta el \u00faltimo d\u00eda, la realidad es que el problema de la inseguridad es estructural y solo se lograr\u00e1 resolver en el largo plazo, y con el m\u00e1ximo esfuerzo de los tres \u00f3rdenes de gobierno, los poderes y la sociedad en su conjunto\u201d, mencion\u00f3.<\/p>\n<p class=\"x_MsoNormal\">Peralta S\u00e1nchez reconoci\u00f3 que el otro pendiente fueron las finanzas p\u00fablicas y lament\u00f3 que haber podido concluir su administraci\u00f3n \u201cdespu\u00e9s de haber pagado la totalidad de las quincenas a las y los trabajadores que me acompa\u00f1aron (\u2026) es sin duda mi mayor pesar\u201d.<\/p>\n<p class=\"x_MsoNormal\">Reiter\u00f3 que el impago de las \u00faltimas quincenas ya no se debi\u00f3 a falta de liquidez, pues la gesti\u00f3n del Bono Cup\u00f3n Cero, que corresponde a recursos estatales, se realiz\u00f3 en tiempo y forma, sin embargo, \u201calguien tom\u00f3 la decisi\u00f3n de retrasar el env\u00edo de recursos\u201d.<\/p>\n<p class=\"x_MsoNormal\">En ese sentido, el gobernador confi\u00f3 en que los recursos necesarios para cubrir las quincenas pendientes de los trabajadores, lleguen a Colima la pr\u00f3xima semana.<\/p>\n<p class=\"x_MsoNormal\">Peralta S\u00e1nchez tambi\u00e9n se refiri\u00f3 a las especulaciones que se han generado sobre el origen del problema financiero que enfrent\u00f3 la administraci\u00f3n estatal.<\/p>\n<p class=\"x_MsoNormal\">Al respecto, dijo que el juicio debe estar ligado a las circunstancias que enfrent\u00f3 y record\u00f3 que su administraci\u00f3n inici\u00f3 con una crisis financiera profunda, sin acceso al mercado de cr\u00e9dito y con muchas cuentas por pagar.<\/p>\n<p class=\"x_MsoNormal\">Sin embargo, record\u00f3 que se fij\u00f3 la meta de no trasladar esos costos a los contribuyentes, para lo cual se busc\u00f3 resolver los problemas financieros sin crear nuevos impuestos y sin aumentar el costo de los existentes.<\/p>\n<p class=\"x_MsoNormal\">Advirti\u00f3 que, en la actualidad ya no basta con ser austeros, pues el problema financiero que atraviesa Colima, es sist\u00e9mico y tiene ra\u00edces profundas; sin embargo, asegur\u00f3 que con los n\u00fameros en la mano, \u201cen la gran suma de deudas que hered\u00e9, le entregar\u00e9 menos a la siguiente administraci\u00f3n\u201d.<\/p>\n<p class=\"x_MsoNormal\">Por lo anterior, dijo que no se debe de olvidar la grave crisis con la que inici\u00f3 su administraci\u00f3n y que hoy ya pocas personas se acuerdan. Al respecto, dijo que si no se hacen profundos cambios estructurales para evitar el colapso financiero de Estados y Municipios en el pa\u00eds, \u201ccada cierre de sexenio ser\u00e1 m\u00e1s cr\u00edtico\u201d.<\/p>\n<p class=\"x_MsoNormal\">Record\u00f3 que durante los primeros tres a\u00f1os de su gobierno se le critic\u00f3 mucho por acudir de forma constante a la Ciudad de M\u00e9xico, \u201cpero las gestiones que hice durante los primeros 3 a\u00f1os de mi gobierno me permitieron lograr 2 mil 763 millones de pesos de recursos extraordinarios para Colima\u201d.<\/p>\n<p class=\"x_MsoNormal\">Peralta S\u00e1nchez hizo un llamado a la sociedad colimense para que apoye y se una en torno al nuevo gobierno que inicia, dejando de lado los colores; \u201cEl divisionismo y la polarizaci\u00f3n nunca ha sido la ruta\u201d.<\/p>\n<p class=\"x_MsoNormal\">Finalmente, el gobernador asegur\u00f3 que puso su mejor empe\u00f1o durante su administraci\u00f3n y agradeci\u00f3 el respaldo que recibi\u00f3 de la clase trabajadora, de quienes integraron su gabinete, as\u00ed como de los diversos sectores de la sociedad.<\/p>\n<p class=\"x_MsoNormal\">\u201cMe voy con la convicci\u00f3n de haber dejado todo mi trabajo, tiempo y capacidad al servicio de Colima y su gente\u201d, concluy\u00f3.<\/p>\n","protected":false},"excerpt":{"rendered":"<p>*Me voy con sentimientos encontrados; s\u00e9 que dejar\u00e9 un legado importante de obras y acciones; pero con el gran pesar del impago a trabajadores y el tema de la seguridad p\u00fablica\u00a0 El gobernador, Jos\u00e9 Ignacio Peralta S\u00e1nchez, reconoci\u00f3 que termina su administraci\u00f3n con sentimientos encontrados, sin embargo, extern\u00f3 su agradecimiento a las y los colimenses&#8230;<\/p>\n","protected":false},"author":2,"featured_media":18974,"comment_status":"open","ping_status":"open","sticky":false,"template":"","format":"standard","meta":{"footnotes":""},"categories":[16],"tags":[29,30,28],"class_list":["post-18973","post","type-post","status-publish","format-standard","has-post-thumbnail","hentry","category-gobierno","tag-grid","tag-news","tag-slider"],"_links":{"self":[{"href":"http:\/\/elobservatorio.com.mx\/index.php?rest_route=\/wp\/v2\/posts\/18973"}],"collection":[{"href":"http:\/\/elobservatorio.com.mx\/index.php?rest_route=\/wp\/v2\/posts"}],"about":[{"href":"http:\/\/elobservatorio.com.mx\/index.php?rest_route=\/wp\/v2\/types\/post"}],"author":[{"embeddable":true,"href":"http:\/\/elobservatorio.com.mx\/index.php?rest_route=\/wp\/v2\/users\/2"}],"replies":[{"embeddable":true,"href":"http:\/\/elobservatorio.com.mx\/index.php?rest_route=%2Fwp%2Fv2%2Fcomments&post=18973"}],"version-history":[{"count":0,"href":"http:\/\/elobservatorio.com.mx\/index.php?rest_route=\/wp\/v2\/posts\/18973\/revisions"}],"wp:featuredmedia":[{"embeddable":true,"href":"http:\/\/elobservatorio.com.mx\/index.php?rest_route=\/wp\/v2\/media\/18974"}],"wp:attachment":[{"href":"http:\/\/elobservatorio.com.mx\/index.php?rest_route=%2Fwp%2Fv2%2Fmedia&parent=18973"}],"wp:term":[{"taxonomy":"category","embeddable":true,"href":"http:\/\/elobservatorio.com.mx\/index.php?rest_route=%2Fwp%2Fv2%2Fcategories&post=18973"},{"taxonomy":"post_tag","embeddable":true,"href":"http:\/\/elobservatorio.com.mx\/index.php?rest_route=%2Fwp%2Fv2%2Ftags&post=18973"}],"curies":[{"name":"wp","href":"https:\/\/api.w.org\/{rel}","templated":true}]}}