{"id":19003,"date":"2021-11-01T11:15:13","date_gmt":"2021-11-01T17:15:13","guid":{"rendered":"http:\/\/elobservatorio.com.mx\/?p=19003"},"modified":"2021-11-01T11:16:22","modified_gmt":"2021-11-01T17:16:22","slug":"en-mi-gobierno-no-habran-obras-faraonicas-y-combatiremos-la-corrupcion-indira-vizcaino","status":"publish","type":"post","link":"http:\/\/elobservatorio.com.mx\/?p=19003","title":{"rendered":"En mi gobierno no habr\u00e1n obras fara\u00f3nicas y combatiremos la corrupci\u00f3n: Indira V\u00edzcaino"},"content":{"rendered":"<p><em>*Toma protesta Indira Vizca\u00edno Silva como gobernadora constitucional del Estado de Colima 2021-2027<\/em><\/p>\n<p><em>*Destac\u00f3 la participaci\u00f3n de las mujeres e invit\u00f3 a los jovenes a sumarse a su gobierno, porque la 4T ser\u00e1 de los jovenes, dijo<\/em><\/p>\n<p>Colima Col.- La ma\u00f1ana de este lunes 1 de noviembre, Indira Vizca\u00edno Silva, rindi\u00f3 protesta en el Teatro Hidalgo que fue designado como Recinto Legislativo,\u00a0 para el ejercicio 2021-2027 ante el pleno de la Sexag\u00e9sima Legislatura Local y del Secretario de Marina Armada de M\u00e9xico, Almirante Rafael Ojeda Rafael Ojeda Dur\u00e1n, que asisti\u00f3 en representaci\u00f3n del presidente de la Rep\u00fablica Andr\u00e9s Manuel L\u00f3pez Obrador, convirtiendo as\u00ed en la segunda Gobernadora del Estado y el mandatario n\u00famero 76 desde que Colima fue elevado a Estado.<\/p>\n<p>Al evento asisti\u00f3 la nueva clase pol\u00edtica, el gabinete en pleno del \u201cGobierno de la Transformaci\u00f3n\u201d que encabeza Indira Vizca\u00edno Silva as\u00ed como el ex Gobernador Mario Anguiano Moreno, en una de sus espor\u00e1dicas apariciones p\u00fablicas desde que dej\u00f3 el cargo, y como invitado especial Cuauht\u00e9moc C\u00e1rdenas y su Hijo y asesor de presidencia de la Rep\u00fablica, L\u00e1zaro C\u00e1rdenas Batel.<\/p>\n<p>A este evento asistieron 6 gobernadores estatales: Claudia Sheinbaum Pardo (Ciudad de M\u00e9xico); Loren Cuellar Cisneros, (Tlaxcala); V\u00edctor Manuel Castro Cos\u00edo (Baja California Sur); Miguel \u00c1ngel Navarro Quintero\u00a0 (Nayarit);\u00a0 Alfredo Ram\u00edrez Bedolla (Michoac\u00e1n) y Cuitl\u00e1huac Garc\u00eda Jim\u00e9nez (Veracruz).<\/p>\n<p>Asimismo, asistieron un grupo de senadores encabezados Ricardo Monreal \u00c1vila y de diputados Federales,\u00a0 as\u00ed como de dirigentes de los partidos Morena y PES, Mario Delgado Carrillo y Hugo Eric Flores, respectivamente.<\/p>\n<p>Tambi\u00e9n estuvieron presentes rectores de instituciones de educaci\u00f3n superior, dirigentes sindicales estatales y\u2026.poco pueblo.<\/p>\n<p>En su mensaje destac\u00f3 la participaci\u00f3n de las mujeres, pues al convertirse en la segunda gobernadora de Colima, se deja un claro mensaje de que las mujeres saben gobernar y tomar buenas decisiciones.<\/p>\n<p>Hizo el compromiso de combatir la corrupci\u00f3n, adem\u00e1s no dejar\u00e1 al Estado como lo recibi\u00f3; en total desastre financiero y se castigar\u00e1 a quienes hayan cometido ilegalidades en el pasado.<\/p>\n<p>Adelant\u00f3 que no basar\u00e1 su gobierno en realizar obras fara\u00f3nicas, combate a corrupci\u00f3n y es el fin a los gobiernos indolentes e insensibles, ser\u00e1n los pobres, los desprotegidos, los desatendidos el centro de su gobierno de la transformaci\u00f3n.<\/p>\n<p>Cabe mencionar que con la toma de Protesta de Indira Vizca\u00edno Silva, segunda Gobernadora de Colima, se pone fin a una era de m\u00e1s de 90 a\u00f1os de gobiernos priistas en el estado de Colima.<\/p>\n<p>Indira Vizca\u00edno Silva, naci\u00f3 hace 34 a\u00f1os en Tijuana Baja, California, es abogada egresada de la Universidad de Colima y recientemente militante del Partido Gobernante Movimiento de Regeneraci\u00f3n Nacional.<\/p>\n<p>Fue militante perredista, diputada Local, presidenta municipal de Cuauht\u00e9moc, diputada federal, Secretaria de Desarrollo Social del Gobierno de Jos\u00e9 Ignacio Peralta S\u00e1nchez y se desempe\u00f1\u00f3 como Coordinadora Estatal de los Programas de Desarrollo del Estado en el Gobierno de Andr\u00e9s Manuel L\u00f3pez Obrador. A partir de hoy se convierte en Gobernadora Constitucional de Colima.<\/p>\n<p>Es de mencionar que a la toma de protesta de Indita Vizca\u00edno Silva fue el ahora ex gobernador Jos\u00e9 Ignacio Peralta S\u00e1nchez.<\/p>\n","protected":false},"excerpt":{"rendered":"<p>*Toma protesta Indira Vizca\u00edno Silva como gobernadora constitucional del Estado de Colima 2021-2027 *Destac\u00f3 la participaci\u00f3n de las mujeres e invit\u00f3 a los jovenes a sumarse a su gobierno, porque la 4T ser\u00e1 de los jovenes, dijo Colima Col.- La ma\u00f1ana de este lunes 1 de noviembre, Indira Vizca\u00edno Silva, rindi\u00f3 protesta en el Teatro&#8230;<\/p>\n","protected":false},"author":2,"featured_media":19004,"comment_status":"open","ping_status":"open","sticky":false,"template":"","format":"standard","meta":{"footnotes":""},"categories":[16],"tags":[29,30,28],"class_list":["post-19003","post","type-post","status-publish","format-standard","has-post-thumbnail","hentry","category-gobierno","tag-grid","tag-news","tag-slider"],"_links":{"self":[{"href":"http:\/\/elobservatorio.com.mx\/index.php?rest_route=\/wp\/v2\/posts\/19003"}],"collection":[{"href":"http:\/\/elobservatorio.com.mx\/index.php?rest_route=\/wp\/v2\/posts"}],"about":[{"href":"http:\/\/elobservatorio.com.mx\/index.php?rest_route=\/wp\/v2\/types\/post"}],"author":[{"embeddable":true,"href":"http:\/\/elobservatorio.com.mx\/index.php?rest_route=\/wp\/v2\/users\/2"}],"replies":[{"embeddable":true,"href":"http:\/\/elobservatorio.com.mx\/index.php?rest_route=%2Fwp%2Fv2%2Fcomments&post=19003"}],"version-history":[{"count":0,"href":"http:\/\/elobservatorio.com.mx\/index.php?rest_route=\/wp\/v2\/posts\/19003\/revisions"}],"wp:featuredmedia":[{"embeddable":true,"href":"http:\/\/elobservatorio.com.mx\/index.php?rest_route=\/wp\/v2\/media\/19004"}],"wp:attachment":[{"href":"http:\/\/elobservatorio.com.mx\/index.php?rest_route=%2Fwp%2Fv2%2Fmedia&parent=19003"}],"wp:term":[{"taxonomy":"category","embeddable":true,"href":"http:\/\/elobservatorio.com.mx\/index.php?rest_route=%2Fwp%2Fv2%2Fcategories&post=19003"},{"taxonomy":"post_tag","embeddable":true,"href":"http:\/\/elobservatorio.com.mx\/index.php?rest_route=%2Fwp%2Fv2%2Ftags&post=19003"}],"curies":[{"name":"wp","href":"https:\/\/api.w.org\/{rel}","templated":true}]}}