{"id":19007,"date":"2021-11-01T11:27:04","date_gmt":"2021-11-01T17:27:04","guid":{"rendered":"http:\/\/elobservatorio.com.mx\/?p=19007"},"modified":"2021-11-01T11:27:04","modified_gmt":"2021-11-01T17:27:04","slug":"rinde-protesta-bryant-alejandro-garcia-ramirez-como-nuevo-fiscal-general-del-estado","status":"publish","type":"post","link":"http:\/\/elobservatorio.com.mx\/?p=19007","title":{"rendered":"Rinde protesta Bryant Alejandro Garc\u00eda Ram\u00edrez como nuevo Fiscal General del Estado"},"content":{"rendered":"<p><em>*Para el periodo 2021 &#8211; 2027<\/em><\/p>\n<p>En sesi\u00f3n solemne celebrada los primeros minutos de este lunes 1 de noviembre y ante el pleno de legisladores de la LX Legislatura, Bryant Alejandro Garc\u00eda Ram\u00edrez rindi\u00f3 protesta como nuevo Fiscal General del Estado.<\/p>\n<p>El nuevo titular de esta instituci\u00f3n, quien fue nombrado por unanimidad el pasado 27 de septiembre por la LIX Legislatura ante la renuncia del Fiscal Gabriel Verduzco Rodr\u00edguez, rindi\u00f3 protesta para el periodo 2021 &#8211; 2027.<\/p>\n<p>En su toma de protesta, afirm\u00f3 que desde el minuto uno de este 1ro de noviembre de 2021, entrar\u00e1 trabajando con un plan estrat\u00e9gico integral de coordinaci\u00f3n y capacitaci\u00f3n para todo el personal\u00a0 que integra la Fiscal\u00eda de Colima.<\/p>\n<p>Una vez realizado este acto, el nuevo Fiscal General, Bryant Alejandro Garc\u00eda Ram\u00edrez asumi\u00f3 el mando de la procuraci\u00f3n de justicia en la entidad y ser\u00e1 este mismo lunes cuando realice los cambios de mandos al interior de la instituci\u00f3n.<\/p>\n","protected":false},"excerpt":{"rendered":"<p>*Para el periodo 2021 &#8211; 2027 En sesi\u00f3n solemne celebrada los primeros minutos de este lunes 1 de noviembre y ante el pleno de legisladores de la LX Legislatura, Bryant Alejandro Garc\u00eda Ram\u00edrez rindi\u00f3 protesta como nuevo Fiscal General del Estado. El nuevo titular de esta instituci\u00f3n, quien fue nombrado por unanimidad el pasado 27&#8230;<\/p>\n","protected":false},"author":2,"featured_media":19008,"comment_status":"open","ping_status":"open","sticky":false,"template":"","format":"standard","meta":{"footnotes":""},"categories":[16],"tags":[29,30,28],"class_list":["post-19007","post","type-post","status-publish","format-standard","has-post-thumbnail","hentry","category-gobierno","tag-grid","tag-news","tag-slider"],"_links":{"self":[{"href":"http:\/\/elobservatorio.com.mx\/index.php?rest_route=\/wp\/v2\/posts\/19007"}],"collection":[{"href":"http:\/\/elobservatorio.com.mx\/index.php?rest_route=\/wp\/v2\/posts"}],"about":[{"href":"http:\/\/elobservatorio.com.mx\/index.php?rest_route=\/wp\/v2\/types\/post"}],"author":[{"embeddable":true,"href":"http:\/\/elobservatorio.com.mx\/index.php?rest_route=\/wp\/v2\/users\/2"}],"replies":[{"embeddable":true,"href":"http:\/\/elobservatorio.com.mx\/index.php?rest_route=%2Fwp%2Fv2%2Fcomments&post=19007"}],"version-history":[{"count":0,"href":"http:\/\/elobservatorio.com.mx\/index.php?rest_route=\/wp\/v2\/posts\/19007\/revisions"}],"wp:featuredmedia":[{"embeddable":true,"href":"http:\/\/elobservatorio.com.mx\/index.php?rest_route=\/wp\/v2\/media\/19008"}],"wp:attachment":[{"href":"http:\/\/elobservatorio.com.mx\/index.php?rest_route=%2Fwp%2Fv2%2Fmedia&parent=19007"}],"wp:term":[{"taxonomy":"category","embeddable":true,"href":"http:\/\/elobservatorio.com.mx\/index.php?rest_route=%2Fwp%2Fv2%2Fcategories&post=19007"},{"taxonomy":"post_tag","embeddable":true,"href":"http:\/\/elobservatorio.com.mx\/index.php?rest_route=%2Fwp%2Fv2%2Ftags&post=19007"}],"curies":[{"name":"wp","href":"https:\/\/api.w.org\/{rel}","templated":true}]}}