{"id":19014,"date":"2021-11-01T13:29:39","date_gmt":"2021-11-01T19:29:39","guid":{"rendered":"http:\/\/elobservatorio.com.mx\/?p=19014"},"modified":"2021-11-01T13:29:39","modified_gmt":"2021-11-01T19:29:39","slug":"de-los-compromisos-de-indira-vizcaino-con-el-pri-peraltismo","status":"publish","type":"post","link":"http:\/\/elobservatorio.com.mx\/?p=19014","title":{"rendered":"De los compromisos de Indira Vizca\u00edno con el pri\/peraltismo."},"content":{"rendered":"<p><strong>Carlos Ramiro Vargas<\/strong><\/p>\n<p><strong>\u00a0<\/strong>El estilo parco y deficiente en la comunicaci\u00f3n personal, e institucional, \u00a0de la electa gobernadora por Morena, Indira Vizca\u00edno, no le permite entender al ciudadano com\u00fan la magnitud del desastre financiero, pol\u00edtico, social e institucional, heredado por el m\u00e1s neoliberal gobernador y prianista, pleno, como ha sido, Ignacio Peralta S\u00e1nchez; estilo parco y poco pedag\u00f3gico mediante el cual, Indira gobernadora, pues hoy toma posesi\u00f3n, pretende hacernos creer que nada sab\u00eda de la magnitud del desastre financiero provocado por el mal gobierno, que hoy 31 de octubre fenece, pero cuyas \u00a0consecuencias perversas empezar\u00e1n a impactar en corto plazo, la calidad de vida del colimense com\u00fan.<\/p>\n<p>Como es el hecho bruto de que la deuda p\u00fablica del gobierno estatal asciende a 11 mil, 500 millones de pesos, de cuatro mil, mdp,\u00a0 a como la dejo el ex gobernador Mario Anguiano, en 2015; es decir, un aumento de pr\u00e1cticamente el 200 por ciento en un lapso de cinco a\u00f1os, del 2016 al 021.<\/p>\n<p>No es cre\u00edble que tal incremento geom\u00e9trico de la deuda pri\/peraltista fuese desconocido pues, por Indira gobernadora, dado que hasta la fecha ha sido el gobierno federal a trav\u00e9s de la Secretaria de Hacienda, quien ha aprobado esta descomunal deuda de casi 8 mil millones de pesos, en apenas un lustro. Dado que no se ven por ning\u00fan lado las obras realizadas por Peralta, ex gobernador, la exigencia del sindicato de bur\u00f3cratas al servicio del gobierno, de realizar una auditoria extraordinaria inmediata, al s\u00e1trapa de Peralta S\u00e1nchez es necesaria pero insuficiente, pues esta auditoria deber\u00eda de ser externa y de preferencia realizada, por la Auditoria Superior de la Federaci\u00f3n, ASF, dada la cooptaci\u00f3n del OSAFIG, equivalente estatal a la ASF, por la corrupci\u00f3n generalizada del gobierno pri\/ Peraltista hacia todas las instancias dedicadas a combatir la acendrada corrupci\u00f3n gubernamental.<\/p>\n<p>Por tanto, el colapso financiero declarado por Peralta S\u00e1nchez, hace dos meses, es tambi\u00e9n una muestra del laxo monitoreo de la SHCP y la ASF, sobre tales y tan desproporcionados\u00a0 desfalcos a un estado como el de Colima.<\/p>\n<p>Y del desprecio del presidente AMLO hacia los colimenses, pues desde la primera vez que visit\u00f3 Colima el 2019, nunca entendi\u00f3 el mensaje de repudio del pueblo hacia Peralta S\u00e1nchez, quien en el auditorio improvisado en el puerto de Manzanillo, a grito partido le ped\u00eda a la enardecida gente, que respetaran a la autoridad, o sea, a Peralta S\u00e1nchez. Mal informado por Indira Vizca\u00edno, el presidente AMLO, de lo que verdaderamente estaba aconteciendo en Colima, en materia por ejemplo de seguridad.<\/p>\n<p>Entonces no es s\u00f3lo el aumento criminal de este d\u00e9bito, acerca del cual, la actitud de Indira Vizca\u00edno y sus borregas diputadas den la LX legislatura, es de puro lamento, \u00a0sino de las consecuencias perversas que van m\u00e1s all\u00e1 del lamento de la Vizca\u00edno, cuando dice que ya cada colimense debe 15 mil pesos cada uno, por el aumento de esta deuda; pues para empezar, con un estado declarado en bancarrota todas las principales calificadoras financieras bajar\u00e1n a los m\u00ednimos, la calificaci\u00f3n de la deuda y la econom\u00eda estatal, promoviendo s\u00f3lo con sus calificaciones la desinversi\u00f3n masiva y de grandes capitales, en un Colima que necesita crecer, mucho m\u00e1s all\u00e1 de los beneficios de los programas sociales, que son a cargo del erario p\u00fablico, en el contexto a su vez, de una econom\u00eda como la nacional, que se recupera aceleradamente de la Pandemia pero no lo suficiente, a\u00fan, para generar los casi dos millones de empleos que la juventud mexicana, necesita. Cada a\u00f1o.<\/p>\n<p>Al no haber inversi\u00f3n privada, ni dinero en las arcas indiristas, la poca inversi\u00f3n p\u00fablica programada para Colima por el gobierno federal, no bastar\u00e1 para detonar el crecimiento de nuestra econom\u00eda, con todo y el puerto de Manzanillo.<\/p>\n<p>El \u00faltimo informe del IMCO de junio del 2021 resulta contundente, cuando sostiene que la econom\u00eda colimense del 2018 al 021, ha decrecido en t\u00e9rminos reales, en 7.5 por ciento anual. Representando apenas el 0.6 por ciento de la econom\u00eda nacional. Situaci\u00f3n parad\u00f3jica, dado que Ignacio Peralta, es egresado de \u00a0una de las mejores universidades del mundo, en materia econ\u00f3mica y financiera, la de Essex, en Inglaterra, y est\u00e1 dejando una econom\u00eda deshecha, con miles de afectados en los sindicatos gubernamentales, as\u00ed como en la econom\u00eda estatal en su conjunto.<\/p>\n<p>Porque si los protocolos crediticios son inflexibles en plazos vencidos de deuda, en ning\u00fan lugar dice que este faltante debe cubrirse con el salario de los trabajadores gubernamentales, lo que equivale a una expropiaci\u00f3n salvaje de la porci\u00f3n social del presupuesto, a favor del inter\u00e9s privado y bancario, como acontece en Colima, con el pri\/peraltismo.<\/p>\n<p>Algo que tampoco ve la Vizca\u00edno. Como tampoco ven los diputados morenistas, ni los lideres sindicales en movimiento.<\/p>\n<p>M\u00e1s all\u00e1 del lamento de Indira Vizca\u00edno, no se ve por parte de Morena una exigencia contundente de Juicio Pol\u00edtico y Penal, contra Ignacio Peralta y Carlos Noriega, quien escupiendo en el rostro al abnegado pueblo colimote, ahora funge como diputado plurinominal, pri\u00edsta.<\/p>\n<p>Antes por el contrario, todo lo hecho por Indira Vizca\u00edno, en d\u00edas pasados a este 31 de octubre, denota el peso de los compromisos indiristas con el gabinete pri peraltista, y con el establihment estatal, como por ejemplo el nombramiento de Briant Garc\u00eda, como nuevo Fiscal, quien era el secretario particular de Efra\u00edn \u00c1ngulo, el ex titular de turismo cuando ocurri\u00f3 el crimen y violaci\u00f3n del adolescente, tonilense, en la memorable org\u00eda del gabinete.<\/p>\n<p>Los foros de Indira gobernadora, no han servido para nada, por ejemplo en materia de Seguridad, los conferencistas fueron empleados del gobierno federal, o indiristas, que se la pasaron m\u00e1s hablando del futuro promisorio que nos espera con la nueva administraci\u00f3n morenista, pero sin reconocer un instante, la realidad y magnitud del Genocidio colimense, del cual el m\u00e1ximo responsable es Ignacio Peralta y sus sucesivos gabinetes de seguridad.<\/p>\n<p>S\u00f3lo esta pasiva posici\u00f3n morenista devela la profundidad de los compromisos indiristas, para con el m\u00e1s reaccionario pri\u00edsmo, colimote.<\/p>\n<p>Y como nunca se vieron brigadas morenistas apoyando a las marchas de las familias de los m\u00e1s de mil, 500 desaparecidos estatales, tampoco se han visto en las movilizaciones de los sindicatos oficialistas, inmediatamente afectados por la quiebra p\u00fablica estatal.<\/p>\n<p>Por \u00faltimo, el nombramiento del Gabinete de Gobierno, hecho por Indira Vizca\u00edno, es de cuarta o quinta categor\u00eda. M\u00e1s un gabinete de incondicionales que de gente capaz y con la competencia suficiente, para afrentar los duros retos del gobierno morenista, y del pueblo colimense, que como parece, no son los mismos.<\/p>\n<p>La intolerancia y la cerraz\u00f3n de Indira Vizca\u00edno para con los pocos periodistas lucidamente cr\u00edticos que a\u00fan existimos, se refleja en el nuevo palerismo seudo period\u00edstico, promovido por ella misma,\u00a0 trav\u00e9s de Carbajal Berber Noticias, 7AM, AFMedios, etc\u00e9tera,\u00a0 y repitiendo la confusi\u00f3n inaceptable del presidente AMLO, para proteger sus propios y promisorios intereses, considerando a quien lo a la cuestiona sanamente y por el bien de la Patria, como a un enemigo de la 4T. O del nuevo indirismo en el poder.<\/p>\n<p><em>Carlos Ramiro Vargas. Todos los Derechos Reservados.<\/em><\/p>\n<p><em>Stokholm. Sweden. 31 de octubre, 2021. \u00a0\u00a0<\/em><\/p>\n<p>&nbsp;<\/p>\n","protected":false},"excerpt":{"rendered":"<p>Carlos Ramiro Vargas \u00a0El estilo parco y deficiente en la comunicaci\u00f3n personal, e institucional, \u00a0de la electa gobernadora por Morena, Indira Vizca\u00edno, no le permite entender al ciudadano com\u00fan la magnitud del desastre financiero, pol\u00edtico, social e institucional, heredado por el m\u00e1s neoliberal gobernador y prianista, pleno, como ha sido, Ignacio Peralta S\u00e1nchez; estilo parco&#8230;<\/p>\n","protected":false},"author":2,"featured_media":6370,"comment_status":"open","ping_status":"open","sticky":false,"template":"","format":"standard","meta":{"footnotes":""},"categories":[11],"tags":[29,30,28],"class_list":["post-19014","post","type-post","status-publish","format-standard","has-post-thumbnail","hentry","category-opinion","tag-grid","tag-news","tag-slider"],"_links":{"self":[{"href":"http:\/\/elobservatorio.com.mx\/index.php?rest_route=\/wp\/v2\/posts\/19014"}],"collection":[{"href":"http:\/\/elobservatorio.com.mx\/index.php?rest_route=\/wp\/v2\/posts"}],"about":[{"href":"http:\/\/elobservatorio.com.mx\/index.php?rest_route=\/wp\/v2\/types\/post"}],"author":[{"embeddable":true,"href":"http:\/\/elobservatorio.com.mx\/index.php?rest_route=\/wp\/v2\/users\/2"}],"replies":[{"embeddable":true,"href":"http:\/\/elobservatorio.com.mx\/index.php?rest_route=%2Fwp%2Fv2%2Fcomments&post=19014"}],"version-history":[{"count":0,"href":"http:\/\/elobservatorio.com.mx\/index.php?rest_route=\/wp\/v2\/posts\/19014\/revisions"}],"wp:featuredmedia":[{"embeddable":true,"href":"http:\/\/elobservatorio.com.mx\/index.php?rest_route=\/wp\/v2\/media\/6370"}],"wp:attachment":[{"href":"http:\/\/elobservatorio.com.mx\/index.php?rest_route=%2Fwp%2Fv2%2Fmedia&parent=19014"}],"wp:term":[{"taxonomy":"category","embeddable":true,"href":"http:\/\/elobservatorio.com.mx\/index.php?rest_route=%2Fwp%2Fv2%2Fcategories&post=19014"},{"taxonomy":"post_tag","embeddable":true,"href":"http:\/\/elobservatorio.com.mx\/index.php?rest_route=%2Fwp%2Fv2%2Ftags&post=19014"}],"curies":[{"name":"wp","href":"https:\/\/api.w.org\/{rel}","templated":true}]}}