{"id":19018,"date":"2021-11-01T16:32:03","date_gmt":"2021-11-01T22:32:03","guid":{"rendered":"http:\/\/elobservatorio.com.mx\/?p=19018"},"modified":"2021-11-01T16:33:51","modified_gmt":"2021-11-01T22:33:51","slug":"como-diputado-local-aplique-la-ley-aun-a-los-de-mi-propio-partido-riult-rivera","status":"publish","type":"post","link":"http:\/\/elobservatorio.com.mx\/?p=19018","title":{"rendered":"Como diputado local apliqu\u00e9 la ley a\u00fan a los de mi propio partido: Riult Rivera"},"content":{"rendered":"<p><em>*El diputado federal comparte postura de Indira Vizca\u00edno de \u00abni perd\u00f3n ni olvido\u00bb a\u00a0 qui\u00e9n o qui\u00e9nes hayan cometido actos de corrupci\u00f3n<\/em><\/p>\n<p>Edgardo Zamora<\/p>\n<p><em>Colima, Col<\/em>.-\u00a0\u00a0El diputado federal Distrito I,\u00a0\u00a0Riult Rivera Guti\u00e9rrez, comparti\u00f3 la postura de la gobernadora de Colima, Indira Vizca\u00edno Silva de \u201cni perd\u00f3n, ni olvido\u201d a quien haya cometido actos de corrupci\u00f3n.<\/p>\n<p>\u201cSiempre he sido creyente que la Ley se debe respetar y quien la haya transgredido hay que imponerle el peso de la Ley en la proporci\u00f3n que le corresponda\u201d.<\/p>\n<p>El legislador expres\u00f3 que los procedimientos ya est\u00e1n preestablecidos para que cualquier il\u00edcito cometido se castigue.<\/p>\n<p>De esta manera apunt\u00f3 que no deber\u00eda haber consulta ciudadana para enjuiciar a quien haya cometido actos corruptibles, sino que las autoridades deben actuar luego de\u00a0\u00a0que se denuncie e investigue.<\/p>\n<p>Por otro lado, record\u00f3 que en el pasado le correspondi\u00f3\u00a0\u00a0momentos dif\u00edciles por aplicar la Ley de su propia filiaci\u00f3n partidista (como diputado local, presidente de la comisi\u00f3n de Responsabilidades)<\/p>\n<p>Rivera Guti\u00e9rrez reiter\u00f3 que cuando alguien tenga que ser castigado no tiene porque perdon\u00e1rsele y que se le debe imponer la sanci\u00f3n que la propia Ley establece para fortalecer la democracia y el estado de derecho en el estado.<\/p>\n<p>\u201cY cuando hay perd\u00f3n y olvido se transgrede autom\u00e1ticamente la Ley, soy un creyente que siempre que la Ley impongas hay que castigar hay que hacerlo con todo lo que imponga\u201d.<\/p>\n<p><strong>TODOS LOS ESTRATOS SOCIALES SON IGUAL DE IMPORTANTES<\/strong><\/p>\n<p>Por otro lado, el diputado federal argument\u00f3 que todos los estratos sociales en la entidad son igual de importantes, en el que se debe generar en cada uno las condiciones pol\u00edticas, administrativas y econ\u00f3micas para fortalecer la econom\u00eda y oportunidades.<\/p>\n<p>\u201cEsto para que cada quien pueda ir subiendo nivel econ\u00f3mico, cultural, social, en todos los aspectos, pero siempre tenemos que ver que al que mas ocupa, darle mayor atenci\u00f3n para que \u201cpueda subir\u201d.<\/p>\n<p>Argument\u00f3 que todos los sectores son importantes\u00a0\u00a0y se debe ser incluyente en todos los aspectos desde el econ\u00f3mico, institucional, financiero para poder seguir teniendo una econom\u00eda para fortalecerse cada d\u00eda mas y toda la sociedad tenga oportunidades para fortalecer ingresos y patrimonio, y un futuro para juventudes.<\/p>\n","protected":false},"excerpt":{"rendered":"<p>*El diputado federal comparte postura de Indira Vizca\u00edno de \u00abni perd\u00f3n ni olvido\u00bb a\u00a0 qui\u00e9n o qui\u00e9nes hayan cometido actos de corrupci\u00f3n Edgardo Zamora Colima, Col.-\u00a0\u00a0El diputado federal Distrito I,\u00a0\u00a0Riult Rivera Guti\u00e9rrez, comparti\u00f3 la postura de la gobernadora de Colima, Indira Vizca\u00edno Silva de \u201cni perd\u00f3n, ni olvido\u201d a quien haya cometido actos de corrupci\u00f3n&#8230;.<\/p>\n","protected":false},"author":2,"featured_media":18240,"comment_status":"open","ping_status":"open","sticky":false,"template":"","format":"standard","meta":{"footnotes":""},"categories":[1],"tags":[29,30,28],"class_list":["post-19018","post","type-post","status-publish","format-standard","has-post-thumbnail","hentry","category-espacio-legislativo","tag-grid","tag-news","tag-slider"],"_links":{"self":[{"href":"http:\/\/elobservatorio.com.mx\/index.php?rest_route=\/wp\/v2\/posts\/19018"}],"collection":[{"href":"http:\/\/elobservatorio.com.mx\/index.php?rest_route=\/wp\/v2\/posts"}],"about":[{"href":"http:\/\/elobservatorio.com.mx\/index.php?rest_route=\/wp\/v2\/types\/post"}],"author":[{"embeddable":true,"href":"http:\/\/elobservatorio.com.mx\/index.php?rest_route=\/wp\/v2\/users\/2"}],"replies":[{"embeddable":true,"href":"http:\/\/elobservatorio.com.mx\/index.php?rest_route=%2Fwp%2Fv2%2Fcomments&post=19018"}],"version-history":[{"count":0,"href":"http:\/\/elobservatorio.com.mx\/index.php?rest_route=\/wp\/v2\/posts\/19018\/revisions"}],"wp:featuredmedia":[{"embeddable":true,"href":"http:\/\/elobservatorio.com.mx\/index.php?rest_route=\/wp\/v2\/media\/18240"}],"wp:attachment":[{"href":"http:\/\/elobservatorio.com.mx\/index.php?rest_route=%2Fwp%2Fv2%2Fmedia&parent=19018"}],"wp:term":[{"taxonomy":"category","embeddable":true,"href":"http:\/\/elobservatorio.com.mx\/index.php?rest_route=%2Fwp%2Fv2%2Fcategories&post=19018"},{"taxonomy":"post_tag","embeddable":true,"href":"http:\/\/elobservatorio.com.mx\/index.php?rest_route=%2Fwp%2Fv2%2Ftags&post=19018"}],"curies":[{"name":"wp","href":"https:\/\/api.w.org\/{rel}","templated":true}]}}