{"id":1936,"date":"2019-01-29T03:04:53","date_gmt":"2019-01-29T03:04:53","guid":{"rendered":"http:\/\/elobservatorio.com.mx\/diputado-sigue-chapulineando-llego-por-pt-se-va-de-independiente-y-ahora-al-pvem"},"modified":"2019-01-29T03:04:53","modified_gmt":"2019-01-29T03:04:53","slug":"diputado-sigue-chapulineando-llego-por-pt-se-va-de-independiente-y-ahora-al-pvem","status":"publish","type":"post","link":"http:\/\/elobservatorio.com.mx\/?p=1936","title":{"rendered":"Diputado sigue \u00abchapulineando\u00bb; lleg\u00f3 por PT, se va de \u00abIndependiente\u00bb y ahora al PVEM"},"content":{"rendered":"<p><em>*Reconoce que en la actual legislatura existe mucha \u201cinestabilidad\u201d.<\/em><\/p>\n<p>Fernando Escamilla Velasco anunci\u00f3 este lunes su ingreso a la Fracci\u00f3n Parlamentaria del Partido Verde Ecologista (PVEM) en la Quincuag\u00e9sima Novena Legislatura Local, tras haberse quedado solo como diputado independiente una vez que las diputadas Claudia Aguirre y Jazm\u00edn Garc\u00eda se reintegraron a la bancada del Partido Movimiento de Regeneraci\u00f3n Nacional.<\/p>\n<p>En conferencia de prensa, el coordinador de la Fracci\u00f3n Legislativa del PVEM en el Congreso del Estado, Miguel \u00c1ngel S\u00e1nchez Verduzco, anunci\u00f3 el ingreso y aceptaci\u00f3n del diputado Escamilla Velasco a ese grupo parlamentario, con lo cual esa bancada ya contar\u00e1 con tres integrantes y no se descart\u00f3 la \u201cposibilidad\u201d de sumar m\u00e1s legisladores a la misma.<\/p>\n<p>El legislador manzanillense mencion\u00f3 que en la actual legislatura \u201chay mucha inestabilidad\u201d y que fue \u00e9l mismo quien solicit\u00f3 su incorporaci\u00f3n al grupo parlamentario ecologista.<\/p>\n<p>Cabe recordar que el diputado Fernando Escamilla con anterioridad formaba parte de la bancada del Partido del Trabajo y decidi\u00f3 renunciar para integrarse con las legisladoras de Morena a una Fracci\u00f3n Parlamentaria Independiente.<\/p>\n<p>Sin embargo, ambas legisladoras decidieron, a menos de 15 d\u00edas, regresar a la banca de Morena, dejando en el camino a Fernando Escamilla.<\/p>\n<p>Agreg\u00f3 que rechaz\u00f3 la invitaci\u00f3n de otros grupos porque \u201cno hay estabilidad, y la bancada del PVEM son gente de palabra\u201d e indic\u00f3 que esta decisi\u00f3n fue tomada conscientemente adem\u00e1s de que en la fracci\u00f3n parlamentaria tendr\u00e1 libertad de voto.<\/p>\n<p>Agreg\u00f3 que \u201clo que podemos decir es que tenemos que empezar a trabajar, el desarrollo del Congreso ha sido muy malo, nos hemos pasando peleando unos con otros, no hay estabilidad, tengo un mes quince d\u00edas trabajando con los compa\u00f1eros (del PVEM), porque son muy buen equipo de trabajo, cuando hay diferencia se atiende en la mesa, mi trabajo es legislar y conseguir los recursos para la gente, soy un representante de un sector de la poblaci\u00f3n\u201d.<\/p>\n<p>En tanto, la legisladora Martha Meza se congratul\u00f3 del nuevo miembro de su fracci\u00f3n legislativa y subray\u00f3 que trabajar\u00e1n coordinadamente, principalmente por el municipio de Manzanillo.<\/p>\n<p>Miguel \u00c1ngel S\u00e1nchez dej\u00f3 en claro que est\u00e1n comprometidos con el presidente Andr\u00e9s Manuel L\u00f3pez Obrador \u201cy esa convicci\u00f3n no va a cambiar\u201d, enfatiz\u00f3.<\/p>\n<p>S\u00e1nchez Verduzco coordinador de la fracci\u00f3n detall\u00f3 \u201ccreemos que es una buena persona, un buen legislador, quien se quiera integrar para trabajar ser\u00e1 bien recibido y las puertas est\u00e1n abiertas\u201d.<\/p>\n","protected":false},"excerpt":{"rendered":"<p>*Reconoce que en la actual legislatura existe mucha \u201cinestabilidad\u201d. Fernando Escamilla Velasco anunci\u00f3 este lunes su ingreso a la Fracci\u00f3n Parlamentaria del Partido Verde Ecologista (PVEM) en la Quincuag\u00e9sima Novena Legislatura Local, tras haberse quedado solo como diputado independiente una vez que las diputadas Claudia Aguirre y Jazm\u00edn Garc\u00eda se reintegraron a la bancada del&#8230;<\/p>\n","protected":false},"author":2,"featured_media":1937,"comment_status":"open","ping_status":"open","sticky":false,"template":"","format":"standard","meta":{"footnotes":""},"categories":[1],"tags":[29,30,28],"class_list":["post-1936","post","type-post","status-publish","format-standard","has-post-thumbnail","hentry","category-espacio-legislativo","tag-grid","tag-news","tag-slider"],"_links":{"self":[{"href":"http:\/\/elobservatorio.com.mx\/index.php?rest_route=\/wp\/v2\/posts\/1936"}],"collection":[{"href":"http:\/\/elobservatorio.com.mx\/index.php?rest_route=\/wp\/v2\/posts"}],"about":[{"href":"http:\/\/elobservatorio.com.mx\/index.php?rest_route=\/wp\/v2\/types\/post"}],"author":[{"embeddable":true,"href":"http:\/\/elobservatorio.com.mx\/index.php?rest_route=\/wp\/v2\/users\/2"}],"replies":[{"embeddable":true,"href":"http:\/\/elobservatorio.com.mx\/index.php?rest_route=%2Fwp%2Fv2%2Fcomments&post=1936"}],"version-history":[{"count":0,"href":"http:\/\/elobservatorio.com.mx\/index.php?rest_route=\/wp\/v2\/posts\/1936\/revisions"}],"wp:featuredmedia":[{"embeddable":true,"href":"http:\/\/elobservatorio.com.mx\/index.php?rest_route=\/wp\/v2\/media\/1937"}],"wp:attachment":[{"href":"http:\/\/elobservatorio.com.mx\/index.php?rest_route=%2Fwp%2Fv2%2Fmedia&parent=1936"}],"wp:term":[{"taxonomy":"category","embeddable":true,"href":"http:\/\/elobservatorio.com.mx\/index.php?rest_route=%2Fwp%2Fv2%2Fcategories&post=1936"},{"taxonomy":"post_tag","embeddable":true,"href":"http:\/\/elobservatorio.com.mx\/index.php?rest_route=%2Fwp%2Fv2%2Ftags&post=1936"}],"curies":[{"name":"wp","href":"https:\/\/api.w.org\/{rel}","templated":true}]}}