{"id":1939,"date":"2019-01-29T03:29:24","date_gmt":"2019-01-29T03:29:24","guid":{"rendered":"http:\/\/elobservatorio.com.mx\/por-gala-del-mariachi-reconoce-elias-lozano-altruismo-de-patronatos"},"modified":"2019-01-29T03:29:24","modified_gmt":"2019-01-29T03:29:24","slug":"por-gala-del-mariachi-reconoce-elias-lozano-altruismo-de-patronatos","status":"publish","type":"post","link":"http:\/\/elobservatorio.com.mx\/?p=1939","title":{"rendered":"Por Gala del Mariachi, reconoce El\u00edas Lozano altruismo de patronatos"},"content":{"rendered":"<p>El Presidente Municipal de Tecom\u00e1n, El\u00edas Antonio Lozano Ochoa y su esposa la Presidenta del DIF y Voluntariados Irma Mirella Mart\u00ednez Silva de Lozano presidieron la tarde del domingo la S\u00e9ptima Edici\u00f3n de la Gala del Mariachi, que se llev\u00f3 a cabo en el Casino de la Feria a donde asistieron alrededor de 800 personas.<\/p>\n<p>La coordinadora del evento Lorena Santos Alcaraz, al hacer uso de la voz reconoci\u00f3 a quienes integraban el Comit\u00e9 de Feria en la administraci\u00f3n 2012-2015, las extintas, C. P. Mar\u00eda del Consuelo Calder\u00f3n Lugo (Nena Calder\u00f3n) y la Bi\u00f3loga Laura G\u00e1lvez de Hern\u00e1ndez, quienes buscando apoyar a los patronatos de Tecom\u00e1n tuvieron la idea de que este baile se hiciera a beneficio de las Instituciones de Asistencia Privada (I.A.P.).<\/p>\n<p>Ah\u00ed estuvieron presentes adem\u00e1s los representantes de 9 de los 11 patronatos que operan en Tecom\u00e1n, representados por la delegada de la Junta de Asistencia Privada Alicia Reyna Maga\u00f1a, al igual que los diputados locales Carlos Far\u00edas y Anel Bueno, as\u00ed como la diputada federal Rosy Bayardo y Viridiana Valencia encargada del Programa J\u00f3venes Construyendo el Futuro, en representaci\u00f3n de Indira Vizca\u00edno Silva, Delegada Federal.<\/p>\n<p>En su intervenci\u00f3n, el Presidente Municipal El\u00edas Antonio Lozano Ochoa, reconoci\u00f3 la labor que hacen los patronatos, de quienes dijo, son personas honestas, valiosas, gente buena y de gran coraz\u00f3n \u201clos invito a seguir sembrando acciones que brinden mejores oportunidades de vida a los tecomenses; y les reiter\u00f3 todo su respaldo para que este tipo de actividades se sigan dando\u201d.<\/p>\n","protected":false},"excerpt":{"rendered":"<p>El Presidente Municipal de Tecom\u00e1n, El\u00edas Antonio Lozano Ochoa y su esposa la Presidenta del DIF y Voluntariados Irma Mirella Mart\u00ednez Silva de Lozano presidieron la tarde del domingo la S\u00e9ptima Edici\u00f3n de la Gala del Mariachi, que se llev\u00f3 a cabo en el Casino de la Feria a donde asistieron alrededor de 800 personas&#8230;.<\/p>\n","protected":false},"author":2,"featured_media":1940,"comment_status":"open","ping_status":"open","sticky":false,"template":"","format":"standard","meta":{"footnotes":""},"categories":[8,34],"tags":[],"class_list":["post-1939","post","type-post","status-publish","format-standard","has-post-thumbnail","hentry","category-municipios","category-tecoman"],"_links":{"self":[{"href":"http:\/\/elobservatorio.com.mx\/index.php?rest_route=\/wp\/v2\/posts\/1939"}],"collection":[{"href":"http:\/\/elobservatorio.com.mx\/index.php?rest_route=\/wp\/v2\/posts"}],"about":[{"href":"http:\/\/elobservatorio.com.mx\/index.php?rest_route=\/wp\/v2\/types\/post"}],"author":[{"embeddable":true,"href":"http:\/\/elobservatorio.com.mx\/index.php?rest_route=\/wp\/v2\/users\/2"}],"replies":[{"embeddable":true,"href":"http:\/\/elobservatorio.com.mx\/index.php?rest_route=%2Fwp%2Fv2%2Fcomments&post=1939"}],"version-history":[{"count":0,"href":"http:\/\/elobservatorio.com.mx\/index.php?rest_route=\/wp\/v2\/posts\/1939\/revisions"}],"wp:featuredmedia":[{"embeddable":true,"href":"http:\/\/elobservatorio.com.mx\/index.php?rest_route=\/wp\/v2\/media\/1940"}],"wp:attachment":[{"href":"http:\/\/elobservatorio.com.mx\/index.php?rest_route=%2Fwp%2Fv2%2Fmedia&parent=1939"}],"wp:term":[{"taxonomy":"category","embeddable":true,"href":"http:\/\/elobservatorio.com.mx\/index.php?rest_route=%2Fwp%2Fv2%2Fcategories&post=1939"},{"taxonomy":"post_tag","embeddable":true,"href":"http:\/\/elobservatorio.com.mx\/index.php?rest_route=%2Fwp%2Fv2%2Ftags&post=1939"}],"curies":[{"name":"wp","href":"https:\/\/api.w.org\/{rel}","templated":true}]}}