{"id":19442,"date":"2021-11-23T17:02:33","date_gmt":"2021-11-23T23:02:33","guid":{"rendered":"http:\/\/elobservatorio.com.mx\/?p=19442"},"modified":"2021-11-23T17:02:33","modified_gmt":"2021-11-23T23:02:33","slug":"por-la-musica-en-su-historia-reconoce-ayuntamiento-a-hilario-gonzalez","status":"publish","type":"post","link":"http:\/\/elobservatorio.com.mx\/?p=19442","title":{"rendered":"Por la m\u00fasica en su historia, reconoce Ayuntamiento a Hilario Gonz\u00e1lez"},"content":{"rendered":"<p>Con motivo del D\u00eda del M\u00fasico, el Instituto Municipal de la Cultura, junto con la Direcci\u00f3n de Participaci\u00f3n Ciudadana del Ayuntamiento de Manzanillo entregaron la Presea Jes\u00fas Alcaraz a Hilario Gonz\u00e1lez Mart\u00ednez, personaje manzanillense que ha dedicado gran parte de su vida a la m\u00fasica.<\/p>\n<p>Hilario Gonz\u00e1lez Mart\u00ednez de 85 a\u00f1os de edad, en su historia lleva la m\u00fasica en las venas, pues desde los 15 se integr\u00f3 a un Mariachi, desde entonces y hasta ahora logra una excepcional trayectoria musical. Recibi\u00f3 un grabado de La Pedregosa y la Presea correspondiente.<\/p>\n<p>Al comp\u00e1s del Son de la negra, en la colonia La Pedregosa, el Mariachi Corona abri\u00f3 su participaci\u00f3n gan\u00e1ndose el aplauso de una gran cantidad de vecinas y vecinos de todas las edades que se dieron cita a esta velada \u00fanica.<\/p>\n<p>Por instrucciones de la presidenta municipal Griselda Mart\u00ednez, en colonias y comunidades es prioridad acercar la cultura y el arte, pues asegur\u00f3 que de esta manera se contribuye a mejorar la calidad de vida de las personas y a promover la cultura de paz.<\/p>\n<p>Mencion\u00f3 que a trav\u00e9s de la m\u00fasica se alimenta el alma, es por ello, que en el marco del D\u00eda del M\u00fasico el ayuntamiento de Manzanillo organiz\u00f3 la entrega de las Preseas Jes\u00fas Alcaraz, reconocimiento que fomenta el gusto por la m\u00fasica y expone un ejemplo a seguir para que lo tome en cuenta la sociedad.<\/p>\n<p>Durante dos horas, el Mariachi Corona, con 8 de sus integrantes, interpret\u00f3 temas como; Caminos de Michoac\u00e1n, Amor eterno, El Toro viejo, El Rey, Gema, Flor hermosa, Camino Real de Colima, Desd\u00e9n, entre otros m\u00e1s.<\/p>\n","protected":false},"excerpt":{"rendered":"<p>Con motivo del D\u00eda del M\u00fasico, el Instituto Municipal de la Cultura, junto con la Direcci\u00f3n de Participaci\u00f3n Ciudadana del Ayuntamiento de Manzanillo entregaron la Presea Jes\u00fas Alcaraz a Hilario Gonz\u00e1lez Mart\u00ednez, personaje manzanillense que ha dedicado gran parte de su vida a la m\u00fasica. Hilario Gonz\u00e1lez Mart\u00ednez de 85 a\u00f1os de edad, en su&#8230;<\/p>\n","protected":false},"author":2,"featured_media":19443,"comment_status":"open","ping_status":"open","sticky":false,"template":"","format":"standard","meta":{"footnotes":""},"categories":[35,8],"tags":[29,30,28],"class_list":["post-19442","post","type-post","status-publish","format-standard","has-post-thumbnail","hentry","category-manzanillo","category-municipios","tag-grid","tag-news","tag-slider"],"_links":{"self":[{"href":"http:\/\/elobservatorio.com.mx\/index.php?rest_route=\/wp\/v2\/posts\/19442"}],"collection":[{"href":"http:\/\/elobservatorio.com.mx\/index.php?rest_route=\/wp\/v2\/posts"}],"about":[{"href":"http:\/\/elobservatorio.com.mx\/index.php?rest_route=\/wp\/v2\/types\/post"}],"author":[{"embeddable":true,"href":"http:\/\/elobservatorio.com.mx\/index.php?rest_route=\/wp\/v2\/users\/2"}],"replies":[{"embeddable":true,"href":"http:\/\/elobservatorio.com.mx\/index.php?rest_route=%2Fwp%2Fv2%2Fcomments&post=19442"}],"version-history":[{"count":0,"href":"http:\/\/elobservatorio.com.mx\/index.php?rest_route=\/wp\/v2\/posts\/19442\/revisions"}],"wp:featuredmedia":[{"embeddable":true,"href":"http:\/\/elobservatorio.com.mx\/index.php?rest_route=\/wp\/v2\/media\/19443"}],"wp:attachment":[{"href":"http:\/\/elobservatorio.com.mx\/index.php?rest_route=%2Fwp%2Fv2%2Fmedia&parent=19442"}],"wp:term":[{"taxonomy":"category","embeddable":true,"href":"http:\/\/elobservatorio.com.mx\/index.php?rest_route=%2Fwp%2Fv2%2Fcategories&post=19442"},{"taxonomy":"post_tag","embeddable":true,"href":"http:\/\/elobservatorio.com.mx\/index.php?rest_route=%2Fwp%2Fv2%2Ftags&post=19442"}],"curies":[{"name":"wp","href":"https:\/\/api.w.org\/{rel}","templated":true}]}}