{"id":1945,"date":"2019-01-29T04:04:25","date_gmt":"2019-01-29T04:04:25","guid":{"rendered":"http:\/\/elobservatorio.com.mx\/descarrilamiento-de-tren-en-jala-no-representa-ningun-peligro-para-la-poblacion"},"modified":"2019-01-29T04:05:12","modified_gmt":"2019-01-29T04:05:12","slug":"descarrilamiento-de-tren-en-jala-no-representa-ningun-peligro-para-la-poblacion","status":"publish","type":"post","link":"http:\/\/elobservatorio.com.mx\/?p=1945","title":{"rendered":"Descarrilamiento de tren en Jala no representa ning\u00fan peligro para la poblaci\u00f3n"},"content":{"rendered":"<p>Oficiales de la Unidad Estatal de Protecci\u00f3n Civil (UEPC), acudieron al kil\u00f3metro 1.5 de la v\u00eda ferroviaria en el tramo Coquimatl\u00e1n-Jala, lugar donde se present\u00f3 el descarrilamiento y volcadura, en la que se vieron involucradas 14 tolvas cargadas de grano, sin que se registraran personas lesionadas.<\/p>\n<p>Adem\u00e1s, se constat\u00f3 que este accidente no representa ning\u00fan peligro a la poblaci\u00f3n, trabajadores y personal t\u00e9cnico de Ferromex que realizan trabajos de reparaci\u00f3n a las v\u00edas<\/p>\n","protected":false},"excerpt":{"rendered":"<p>Oficiales de la Unidad Estatal de Protecci\u00f3n Civil (UEPC), acudieron al kil\u00f3metro 1.5 de la v\u00eda ferroviaria en el tramo Coquimatl\u00e1n-Jala, lugar donde se present\u00f3 el descarrilamiento y volcadura, en la que se vieron involucradas 14 tolvas cargadas de grano, sin que se registraran personas lesionadas. Adem\u00e1s, se constat\u00f3 que este accidente no representa ning\u00fan&#8230;<\/p>\n","protected":false},"author":2,"featured_media":1946,"comment_status":"open","ping_status":"open","sticky":false,"template":"","format":"standard","meta":{"footnotes":""},"categories":[19],"tags":[29,30,28],"class_list":["post-1945","post","type-post","status-publish","format-standard","has-post-thumbnail","hentry","category-fotonotas","tag-grid","tag-news","tag-slider"],"_links":{"self":[{"href":"http:\/\/elobservatorio.com.mx\/index.php?rest_route=\/wp\/v2\/posts\/1945"}],"collection":[{"href":"http:\/\/elobservatorio.com.mx\/index.php?rest_route=\/wp\/v2\/posts"}],"about":[{"href":"http:\/\/elobservatorio.com.mx\/index.php?rest_route=\/wp\/v2\/types\/post"}],"author":[{"embeddable":true,"href":"http:\/\/elobservatorio.com.mx\/index.php?rest_route=\/wp\/v2\/users\/2"}],"replies":[{"embeddable":true,"href":"http:\/\/elobservatorio.com.mx\/index.php?rest_route=%2Fwp%2Fv2%2Fcomments&post=1945"}],"version-history":[{"count":0,"href":"http:\/\/elobservatorio.com.mx\/index.php?rest_route=\/wp\/v2\/posts\/1945\/revisions"}],"wp:featuredmedia":[{"embeddable":true,"href":"http:\/\/elobservatorio.com.mx\/index.php?rest_route=\/wp\/v2\/media\/1946"}],"wp:attachment":[{"href":"http:\/\/elobservatorio.com.mx\/index.php?rest_route=%2Fwp%2Fv2%2Fmedia&parent=1945"}],"wp:term":[{"taxonomy":"category","embeddable":true,"href":"http:\/\/elobservatorio.com.mx\/index.php?rest_route=%2Fwp%2Fv2%2Fcategories&post=1945"},{"taxonomy":"post_tag","embeddable":true,"href":"http:\/\/elobservatorio.com.mx\/index.php?rest_route=%2Fwp%2Fv2%2Ftags&post=1945"}],"curies":[{"name":"wp","href":"https:\/\/api.w.org\/{rel}","templated":true}]}}