{"id":19474,"date":"2021-11-24T18:11:29","date_gmt":"2021-11-25T00:11:29","guid":{"rendered":"http:\/\/elobservatorio.com.mx\/?p=19474"},"modified":"2021-11-24T18:14:04","modified_gmt":"2021-11-25T00:14:04","slug":"realizara-ayuntamiento-bacheo-temporal-al-tramo-carretero-a-cofradia-de-morelos","status":"publish","type":"post","link":"http:\/\/elobservatorio.com.mx\/?p=19474","title":{"rendered":"Realizar\u00e1 Ayuntamiento bacheo temporal al tramo carretero a Cofrad\u00eda de Morelos"},"content":{"rendered":"<p><em>*El lunes inicia con bacheo a los dos carriles que no est\u00e1n tan da\u00f1ados, posteriormente se le pondr\u00e1 balastre al tramo o carril m\u00e1s afectado, explic\u00f3\u00a0<\/em><\/p>\n<p>La directora general de Desarrollo Urbano y Obras P\u00fablicas del H. Ayuntamiento de Tecom\u00e1n, Mar\u00eda de los \u00c1ngeles Cruz Torres, dio a conocer que el pr\u00f3ximo lunes 29 de noviembre en coordinaci\u00f3n con la Secretar\u00eda de Infraestructura, Desarrollo Urbano y Movilidad (SEIDUM) y la Secretar\u00eda de Comunicaciones y Transportes (SCT), estar\u00e1n iniciando los trabajos de rehabilitaci\u00f3n preventiva de la carretera de Tecom\u00e1n a Cofrad\u00eda de Morelos iniciando primero, con los dos carriles que se encuentran en mejores condiciones, en donde se har\u00e1 bacheo y sellado de grietas; por lo que los usuarios de esa importante v\u00eda de acceso, tendr\u00e1n que circular por el tramo da\u00f1ado, cuyos baches, previamente ser\u00e1n rellenados con balastre.<\/p>\n<p>Posteriormente, dijo la funcionaria, se iniciar\u00e1n los trabajos de rehabilitaci\u00f3n preventiva en los carriles con mayor da\u00f1o en la cinta asf\u00e1ltica, por parte de la SCT, atendiendo a la solicitud reiterada, que ha estado haciendo el Presidente Municipal de Tecom\u00e1n, El\u00edas Antonio Lozano Ochoa, para que se rehabiliten los casi 4 kil\u00f3metros de cinta asf\u00e1ltica.<\/p>\n<p>Para estas acciones, explic\u00f3 Cruz Torres, que los carriles de Tecom\u00e1n a Cofrad\u00eda de Morelos se habilitar\u00e1n para circular en ambos sentidos, por lo que se est\u00e1 informando a la poblaci\u00f3n y especialmente a quienes usan esa importante v\u00eda, que extremen precauciones al circular en esa \u00e1rea.<\/p>\n<p>Cruz Torres tambi\u00e9n detall\u00f3, que los carriles que estar\u00e1n siendo rehabilitados, se cerrar\u00e1n con vallas de concreto durante aproximadamente 15 d\u00edas \u201cestamos puntualizando que se trata de trabajos preventivos emergentes que consisten en bacheo, impregnaci\u00f3n de liga y riego de emulsi\u00f3n para el sellado de grietas y dejarlo transitable en lo que llegan mayores recursos para repavimentar\u201d.<\/p>\n<p>Adicionalmente, la directora de obras p\u00fablicas coment\u00f3, que por parte de la autoridad vial y SCT, se estar\u00e1 haciendo un correcto balizamiento y se\u00f1al\u00e9tica a lo largo de la cinta asf\u00e1ltica para evitar, cualquier accidente<\/p>\n","protected":false},"excerpt":{"rendered":"<p>*El lunes inicia con bacheo a los dos carriles que no est\u00e1n tan da\u00f1ados, posteriormente se le pondr\u00e1 balastre al tramo o carril m\u00e1s afectado, explic\u00f3\u00a0 La directora general de Desarrollo Urbano y Obras P\u00fablicas del H. Ayuntamiento de Tecom\u00e1n, Mar\u00eda de los \u00c1ngeles Cruz Torres, dio a conocer que el pr\u00f3ximo lunes 29 de&#8230;<\/p>\n","protected":false},"author":2,"featured_media":19475,"comment_status":"open","ping_status":"open","sticky":false,"template":"","format":"standard","meta":{"footnotes":""},"categories":[8,34],"tags":[29,30,28],"class_list":["post-19474","post","type-post","status-publish","format-standard","has-post-thumbnail","hentry","category-municipios","category-tecoman","tag-grid","tag-news","tag-slider"],"_links":{"self":[{"href":"http:\/\/elobservatorio.com.mx\/index.php?rest_route=\/wp\/v2\/posts\/19474"}],"collection":[{"href":"http:\/\/elobservatorio.com.mx\/index.php?rest_route=\/wp\/v2\/posts"}],"about":[{"href":"http:\/\/elobservatorio.com.mx\/index.php?rest_route=\/wp\/v2\/types\/post"}],"author":[{"embeddable":true,"href":"http:\/\/elobservatorio.com.mx\/index.php?rest_route=\/wp\/v2\/users\/2"}],"replies":[{"embeddable":true,"href":"http:\/\/elobservatorio.com.mx\/index.php?rest_route=%2Fwp%2Fv2%2Fcomments&post=19474"}],"version-history":[{"count":0,"href":"http:\/\/elobservatorio.com.mx\/index.php?rest_route=\/wp\/v2\/posts\/19474\/revisions"}],"wp:featuredmedia":[{"embeddable":true,"href":"http:\/\/elobservatorio.com.mx\/index.php?rest_route=\/wp\/v2\/media\/19475"}],"wp:attachment":[{"href":"http:\/\/elobservatorio.com.mx\/index.php?rest_route=%2Fwp%2Fv2%2Fmedia&parent=19474"}],"wp:term":[{"taxonomy":"category","embeddable":true,"href":"http:\/\/elobservatorio.com.mx\/index.php?rest_route=%2Fwp%2Fv2%2Fcategories&post=19474"},{"taxonomy":"post_tag","embeddable":true,"href":"http:\/\/elobservatorio.com.mx\/index.php?rest_route=%2Fwp%2Fv2%2Ftags&post=19474"}],"curies":[{"name":"wp","href":"https:\/\/api.w.org\/{rel}","templated":true}]}}