{"id":19786,"date":"2021-12-15T23:01:11","date_gmt":"2021-12-16T05:01:11","guid":{"rendered":"http:\/\/elobservatorio.com.mx\/?p=19786"},"modified":"2021-12-15T23:01:11","modified_gmt":"2021-12-16T05:01:11","slug":"anuncia-tey-gutierrez-festival-navideno-en-la-villa-preven-derrama-de-5-mdp","status":"publish","type":"post","link":"http:\/\/elobservatorio.com.mx\/?p=19786","title":{"rendered":"Anuncia Tey Guti\u00e9rrez Festival Navide\u00f1o en la Villa, prev\u00e9n derrama de 5 mdp"},"content":{"rendered":"<p class=\"x_gmail-MsoNoSpacing\"><em>*Empezar\u00e1 el 17 de diciembre, concluir\u00e1 el 9 de enero y se realizar\u00e1 en el Jard\u00edn Principal y en Villa Izcalli\u00a0\u00a0<\/em><\/p>\n<p class=\"x_gmail-MsoNoSpacing\"><b>\u00a0<\/b><b>Villa de \u00c1lvarez, Col.-\u00a0<\/b>La Presidenta Municipal Tey Guti\u00e9rrez Andrade anunci\u00f3 que del 17 de diciembre al 9 de enero, el Ayuntamiento de Villa de \u00c1lvarez celebrar\u00e1 el Festival Navide\u00f1o, en el que se espera la visita de unas 20 mil personas que dejar\u00e1n una derrama econ\u00f3mica de cinco millones de pesos.<\/p>\n<p class=\"x_gmail-MsoNoSpacing\">En conferencia de prensa celebrada en el Jard\u00edn Principal de la Villa, la Alcaldesa adelant\u00f3 que se contar\u00e1 con actividades culturales los viernes, s\u00e1bados y domingos del Festival a realizarse en esa plaza y en el Jard\u00edn de Villa de \u00c1lvarez.<\/p>\n<p class=\"x_gmail-MsoNoSpacing\">\u201cVamos a reactivar la econom\u00eda a trav\u00e9s de la venta de comida, bisuter\u00eda y artesan\u00edas, entre otros productos\u201d, expres\u00f3 Guti\u00e9rrez Andrade.<\/p>\n<p class=\"x_gmail-MsoNoSpacing\">Tambi\u00e9n\u00a0 invit\u00f3 a la poblaci\u00f3n a visitar el Pasillo del Juguete, que se ubicar\u00e1 en el tradicional tianguis localizado a un costado de la tienda Waldos, de la Avenida Benito Ju\u00e1rez; convoc\u00f3 a participar en la Gira Navide\u00f1a, en la donaci\u00f3n de juguetes y al programa de cenas navide\u00f1as.<\/p>\n<p class=\"x_gmail-MsoNoSpacing\">Jos\u00e9 Mar\u00eda Cruz, Director del DIF Municipal, se\u00f1al\u00f3 que el programa de donaci\u00f3n de juguetes empezar\u00e1 el pr\u00f3ximo viernes y concluir\u00e1 el 4 de enero, cuyas donaciones se entregar\u00e1n en las colonias de mayor necesidad y en las comunidades rurales.<\/p>\n<p class=\"x_gmail-MsoNoSpacing\">Con relaci\u00f3n al programa de Cenas Navide\u00f1as, el titular del DIF explic\u00f3 que se donar\u00e1n 15 cenas a igual n\u00famero de familias que se encuentran en condiciones de vulnerabilidad.<\/p>\n<p class=\"x_gmail-MsoNoSpacing\">Marcos G\u00f3mez, director de Cultura y Fomento Educativo, consider\u00f3 todo un reto la realizaci\u00f3n de eventos simult\u00e1neos en el Jard\u00edn Principal y en Villa Izcalli, en donde se presentar\u00e1 el Ballet Folcl\u00f3rico y diversos artistas de la regi\u00f3n, que se presentar\u00e1n viernes, s\u00e1bado y domingo a las 20:00 horas.<\/p>\n<p class=\"x_gmail-MsoNoSpacing\">Cindy Vaca, Directora de Turismo, apunt\u00f3 que este\u00a0 Festival Navide\u00f1o se realiza en gran parte gracias al patrocinio de 22 empresas de la iniciativa privada de varios giros, como el de tiendas departamentales, plazas comerciales, restaurantes, medios de comunicaci\u00f3n, empresas de publicidad y un jard\u00edn funerario, entre otras.<\/p>\n<p class=\"x_gmail-MsoNoSpacing\">Finalmente y respecto a la Gira Navide\u00f1a, Yolanda Paniagua, Directora de Participaci\u00f3n Ciudadana, se\u00f1al\u00f3 que \u00e9sta se realizar\u00e1 el 22 de diciembre a\u00a0 las<\/p>\n<p class=\"x_gmail-MsoNoSpacing\">17:00 horas, la cual consiste en recorrer las avenidas principales y fomentar la convivencia\u00a0 en 38 colonias de Villa de \u00c1lvarez con ni\u00f1os y ni\u00f1as a las que se les entregar\u00e1n dulces y regalos.<\/p>\n<p class=\"x_gmail-MsoNoSpacing\">En la conferencia de prensa participaron tambi\u00e9n los regidores Roberto S\u00e1nchez y Roberto Rol\u00f3n, y C\u00e9sar Gait\u00e1n Coll\u00edn, Director del Instituto de Festejos Charrotaurinos.<\/p>\n","protected":false},"excerpt":{"rendered":"<p>*Empezar\u00e1 el 17 de diciembre, concluir\u00e1 el 9 de enero y se realizar\u00e1 en el Jard\u00edn Principal y en Villa Izcalli\u00a0\u00a0 \u00a0Villa de \u00c1lvarez, Col.-\u00a0La Presidenta Municipal Tey Guti\u00e9rrez Andrade anunci\u00f3 que del 17 de diciembre al 9 de enero, el Ayuntamiento de Villa de \u00c1lvarez celebrar\u00e1 el Festival Navide\u00f1o, en el que se espera&#8230;<\/p>\n","protected":false},"author":2,"featured_media":19787,"comment_status":"open","ping_status":"open","sticky":false,"template":"","format":"standard","meta":{"footnotes":""},"categories":[8,42],"tags":[29,30,28],"class_list":["post-19786","post","type-post","status-publish","format-standard","has-post-thumbnail","hentry","category-municipios","category-villa-de-alvarez","tag-grid","tag-news","tag-slider"],"_links":{"self":[{"href":"http:\/\/elobservatorio.com.mx\/index.php?rest_route=\/wp\/v2\/posts\/19786"}],"collection":[{"href":"http:\/\/elobservatorio.com.mx\/index.php?rest_route=\/wp\/v2\/posts"}],"about":[{"href":"http:\/\/elobservatorio.com.mx\/index.php?rest_route=\/wp\/v2\/types\/post"}],"author":[{"embeddable":true,"href":"http:\/\/elobservatorio.com.mx\/index.php?rest_route=\/wp\/v2\/users\/2"}],"replies":[{"embeddable":true,"href":"http:\/\/elobservatorio.com.mx\/index.php?rest_route=%2Fwp%2Fv2%2Fcomments&post=19786"}],"version-history":[{"count":0,"href":"http:\/\/elobservatorio.com.mx\/index.php?rest_route=\/wp\/v2\/posts\/19786\/revisions"}],"wp:featuredmedia":[{"embeddable":true,"href":"http:\/\/elobservatorio.com.mx\/index.php?rest_route=\/wp\/v2\/media\/19787"}],"wp:attachment":[{"href":"http:\/\/elobservatorio.com.mx\/index.php?rest_route=%2Fwp%2Fv2%2Fmedia&parent=19786"}],"wp:term":[{"taxonomy":"category","embeddable":true,"href":"http:\/\/elobservatorio.com.mx\/index.php?rest_route=%2Fwp%2Fv2%2Fcategories&post=19786"},{"taxonomy":"post_tag","embeddable":true,"href":"http:\/\/elobservatorio.com.mx\/index.php?rest_route=%2Fwp%2Fv2%2Ftags&post=19786"}],"curies":[{"name":"wp","href":"https:\/\/api.w.org\/{rel}","templated":true}]}}