{"id":19802,"date":"2021-12-16T17:33:27","date_gmt":"2021-12-16T23:33:27","guid":{"rendered":"http:\/\/elobservatorio.com.mx\/?p=19802"},"modified":"2021-12-16T17:34:47","modified_gmt":"2021-12-16T23:34:47","slug":"al-gobierno-estatal-se-le-hizo-bolas-el-engrudo-con-el-pago-al-magisterio","status":"publish","type":"post","link":"http:\/\/elobservatorio.com.mx\/?p=19802","title":{"rendered":"A la gobernadora se le hizo \u00abbolas el engrudo\u00bb con el pago al magisterio"},"content":{"rendered":"<p><em>*Mientras los maestros de las secci\u00f3n 39, adheridos al Estado, en donde se incluye personal de contrato, llevan 45 d\u00edas sin cobrar su salario, la gobernadora se re\u00fane con los gobernadores de la 4T por el tema de la revocaci\u00f3n de mandato que en Colima fracas\u00f3 en la recolecci\u00f3n de firmas.\u00a0<\/em><\/p>\n<p>Colima Col.- A la gobernadora del Estado, <strong>Indira Vizca\u00edno Silva<\/strong>, como ejecutivo estatal se le ha hecho \u00abbolas el engrudo\u00bb con el pago de salario a los maestros de la secci\u00f3n 39, adheridos al Estado, que son aproximadamente 3 mil trabajadores afectados, entre los que se incluye personal de contrato e intendentes.<\/p>\n<p>De acuerdo a lo dicho por los mismos afectados, este 15 de diciembre cumplieron tres quincenas sin recibir su pago. Pero desde cu\u00e1ndo les ha venido mintiendo la gobernadora al magisterio estatal. Aqu\u00ed les dejamos sus promesas que ha manifestado publicamente en los medios de comunicaci\u00f3n.<\/p>\n<p><strong>La primera promesa de pago<\/strong> se dio cuando tom\u00f3 protesta como gobernadora, el 1 de noviembre, en donde dijo publicamente que a las primeras horas del siguiente d\u00eda se les pagar\u00eda.<\/p>\n<p>Como incumpli\u00f3 su palabra y alerta ante una fuerte manifestaci\u00f3n de los maestros, avent\u00f3 <strong>la segunda promesa<\/strong> quince d\u00edas desp\u00faes, se dio cuando estuvo en Colima durante dos d\u00edas el mandatario federal Andr\u00e9s Manuel L\u00f3pez Obrador, ah\u00ed la gobernadora para tratar de que se calmaran se comprometi\u00f3 publicamente que al siguiente d\u00eda se les pagar\u00eda.<\/p>\n<p><strong>La tercera promesa<\/strong> se dio la semana pasada, tras una manifestaci\u00f3n de\u00a0 maestros mediante una sesi\u00f3n del congreso del estado que se estaba desarrollando en el palacio municipal, en donde la coordinadora de los diputados de MORENA Viridiana Valencia y otros diputados y diputadas, salieron a dialogar con el grupo de maestros a quienes por cierto les impidieron el acceso al recinto legislativo.<\/p>\n<p>Ah\u00ed ese grupo de diputados, en voz de la coordinadora morenista se comprometi\u00f3 en solicitarle a la gobernadora ese mismo d\u00eda para que se les cumpliera con el pago, prometi\u00e9ndoles que a m\u00e1s tardar al siguiente d\u00eda quedar\u00eda solucionado el problema.<\/p>\n<p><strong>Y la Cuarta promesa<\/strong>, fue el pasado 14 de Diciembre cuando la gobernadora emiti\u00f3 a trav\u00e9s de un desplegado que public\u00f3 Indira Vizca\u00edno a trav\u00e9s de sus redes sociales public\u00f3 que el pago de los salarios atrasados al magisterio colimense se cubrir\u00eda antes de que concluya esta semana.<\/p>\n<p>Sin embargo hoy jueves 16, a trav\u00e9s de una entrevista en un medio de comunicaci\u00f3n(Archivo Digital) , el secretario de educaci\u00f3n, Adolfo Nu\u00f1ez, desminti\u00f3 nuevamente a la gobernadora, informando que no ser\u00e1 posible realizar el pago esta semana, que a\u00fan nada no han radicado el dinero y \u00a0el tr\u00e1mite es largo,\u00a0 el fin de semana los bancos no trabajan.<\/p>\n<p>Mientras tanto, este mismo d\u00eda, la gobernadora caus\u00f3 m\u00e1s molestia al publicar una imagen presumiendo a\u00a0 Claudia Sheimbaun, en la Ciudad de M\u00e9xico, en la agenda oficial aparece que ten\u00eda una reuni\u00f3n en la CONAGO, sin embargo, la realidad es que todos los gobernadores de la 4T se reunieron en Gobernaci\u00f3n para analizar el tema de la Revocaci\u00f3n de Mandato, en donde Colima ha fracasado con la recolecci\u00f3n de firmas.<\/p>\n<p>Hasta el momento el salario de tres quincenas acumuladas a los maestros\u00a0 no ha sido pagada y la molestia ha crecido entre los afectados porque tampoco los ha recibido, ha sido indolente con el gremio magisterial. Se les esconde y rehuye del compromiso de pago.<\/p>\n<p><img loading=\"lazy\" decoding=\"async\" class=\"alignnone wp-image-19803 size-large\" src=\"http:\/\/elobservatorio.com.mx\/wp-content\/uploads\/2021\/12\/desplegado-816x1024.jpg\" alt=\"\" width=\"640\" height=\"803\" srcset=\"http:\/\/elobservatorio.com.mx\/wp-content\/uploads\/2021\/12\/desplegado-816x1024.jpg 816w, http:\/\/elobservatorio.com.mx\/wp-content\/uploads\/2021\/12\/desplegado-239x300.jpg 239w, http:\/\/elobservatorio.com.mx\/wp-content\/uploads\/2021\/12\/desplegado-768x963.jpg 768w, http:\/\/elobservatorio.com.mx\/wp-content\/uploads\/2021\/12\/desplegado.jpg 829w\" sizes=\"(max-width: 640px) 100vw, 640px\" \/><\/p>\n<p>&nbsp;<\/p>\n<p>&nbsp;<\/p>\n<p>&nbsp;<\/p>\n<p>&nbsp;<\/p>\n<p>&nbsp;<\/p>\n","protected":false},"excerpt":{"rendered":"<p>*Mientras los maestros de las secci\u00f3n 39, adheridos al Estado, en donde se incluye personal de contrato, llevan 45 d\u00edas sin cobrar su salario, la gobernadora se re\u00fane con los gobernadores de la 4T por el tema de la revocaci\u00f3n de mandato que en Colima fracas\u00f3 en la recolecci\u00f3n de firmas.\u00a0 Colima Col.- A la&#8230;<\/p>\n","protected":false},"author":2,"featured_media":19803,"comment_status":"open","ping_status":"open","sticky":false,"template":"","format":"standard","meta":{"footnotes":""},"categories":[16,12],"tags":[29,30,28],"class_list":["post-19802","post","type-post","status-publish","format-standard","has-post-thumbnail","hentry","category-gobierno","category-sociedad","tag-grid","tag-news","tag-slider"],"_links":{"self":[{"href":"http:\/\/elobservatorio.com.mx\/index.php?rest_route=\/wp\/v2\/posts\/19802"}],"collection":[{"href":"http:\/\/elobservatorio.com.mx\/index.php?rest_route=\/wp\/v2\/posts"}],"about":[{"href":"http:\/\/elobservatorio.com.mx\/index.php?rest_route=\/wp\/v2\/types\/post"}],"author":[{"embeddable":true,"href":"http:\/\/elobservatorio.com.mx\/index.php?rest_route=\/wp\/v2\/users\/2"}],"replies":[{"embeddable":true,"href":"http:\/\/elobservatorio.com.mx\/index.php?rest_route=%2Fwp%2Fv2%2Fcomments&post=19802"}],"version-history":[{"count":0,"href":"http:\/\/elobservatorio.com.mx\/index.php?rest_route=\/wp\/v2\/posts\/19802\/revisions"}],"wp:featuredmedia":[{"embeddable":true,"href":"http:\/\/elobservatorio.com.mx\/index.php?rest_route=\/wp\/v2\/media\/19803"}],"wp:attachment":[{"href":"http:\/\/elobservatorio.com.mx\/index.php?rest_route=%2Fwp%2Fv2%2Fmedia&parent=19802"}],"wp:term":[{"taxonomy":"category","embeddable":true,"href":"http:\/\/elobservatorio.com.mx\/index.php?rest_route=%2Fwp%2Fv2%2Fcategories&post=19802"},{"taxonomy":"post_tag","embeddable":true,"href":"http:\/\/elobservatorio.com.mx\/index.php?rest_route=%2Fwp%2Fv2%2Ftags&post=19802"}],"curies":[{"name":"wp","href":"https:\/\/api.w.org\/{rel}","templated":true}]}}