{"id":19821,"date":"2021-12-17T16:44:45","date_gmt":"2021-12-17T22:44:45","guid":{"rendered":"http:\/\/elobservatorio.com.mx\/?p=19821"},"modified":"2021-12-17T16:44:45","modified_gmt":"2021-12-17T22:44:45","slug":"aprobamos-tablas-de-valores-de-tecoman-para-cobro-del-predial-sin-aumento-rigo-garcia","status":"publish","type":"post","link":"http:\/\/elobservatorio.com.mx\/?p=19821","title":{"rendered":"Aprobamos tablas de valores de Tecom\u00e1n para cobro del predial sin aumento: Rigo Garcia"},"content":{"rendered":"<p>COLIMA, Col. El diputado oocal, Rigoberto Garc\u00eda Negrete, integrante de la Sexag\u00e9sima Legislatura dio lectura al dictamen donde el Congreso del Estado aprob\u00f3 las Tablas de Valores Unitarios de Terreno Urbano y de Construcci\u00f3n del Municipio de Tecom\u00e1n para el Ejercicio Fiscal 2022, en las cuales no se presenta un incremento en sus valores unitarios respecto a las utilizadas de manera provisional en 2021.<\/p>\n<p>De acuerdo al dictamen elaborado por la Comisi\u00f3n de Hacienda, Fiscalizaci\u00f3n y Cuenta P\u00fablica de la Sexag\u00e9sima Legislatura, las Tablas de Valores Unitarios de Terreno y de Construcci\u00f3n servir\u00e1n de base para el cobro de las construcciones sobre la propiedad inmobiliaria de Tecom\u00e1n, como el impuesto predial, que consiste en un gravamen directo que recae sobre el poseedor o propietario del inmueble.<\/p>\n<p>Se incluye en las tablas una \u201cclasificaci\u00f3n real\u201d de las propiedades inmobiliarias, debido a que gravan los valores econ\u00f3micos determinados por \u201cuna cosa o bien (suelo, o \u00e9ste y las construcciones adheridas a \u00e9l)\u201d.<\/p>\n<p>A ello se le debe agregar una \u201cclasificaci\u00f3n local\u201d, toda vez que es el municipio el orden de Gobierno que se encarga de su recaudaci\u00f3n y control.<\/p>\n<p>Destaca el documento aprobado que la Comisi\u00f3n de Hacienda \u201cno estim\u00f3 necesario realizar modificaciones a los elementos y factores que conforman las Tablas de Valores propuestas por el Ayuntamiento de Tecom\u00e1n, no obstante la facultad que le asiste a ese Poder Legislativo de poder llevarlo a cabo\u201d.<\/p>\n<p>Por ello, el dictamen propone la aprobaci\u00f3n de las Tablas de Valores Unitarios de Terreno y de Construcci\u00f3n que servir\u00e1n de base para el cobro de las contribuciones sobre la propiedad inmobiliaria en el municipio de Tecom\u00e1n, tutelando el principio de libre administraci\u00f3n hacendaria, autonom\u00eda y autosuficiencia econ\u00f3mica de los municipios, as\u00ed como el fortalecimiento de sus finanzas.<\/p>\n","protected":false},"excerpt":{"rendered":"<p>COLIMA, Col. El diputado oocal, Rigoberto Garc\u00eda Negrete, integrante de la Sexag\u00e9sima Legislatura dio lectura al dictamen donde el Congreso del Estado aprob\u00f3 las Tablas de Valores Unitarios de Terreno Urbano y de Construcci\u00f3n del Municipio de Tecom\u00e1n para el Ejercicio Fiscal 2022, en las cuales no se presenta un incremento en sus valores unitarios&#8230;<\/p>\n","protected":false},"author":2,"featured_media":19822,"comment_status":"open","ping_status":"open","sticky":false,"template":"","format":"standard","meta":{"footnotes":""},"categories":[1],"tags":[29,30,28],"class_list":["post-19821","post","type-post","status-publish","format-standard","has-post-thumbnail","hentry","category-espacio-legislativo","tag-grid","tag-news","tag-slider"],"_links":{"self":[{"href":"http:\/\/elobservatorio.com.mx\/index.php?rest_route=\/wp\/v2\/posts\/19821"}],"collection":[{"href":"http:\/\/elobservatorio.com.mx\/index.php?rest_route=\/wp\/v2\/posts"}],"about":[{"href":"http:\/\/elobservatorio.com.mx\/index.php?rest_route=\/wp\/v2\/types\/post"}],"author":[{"embeddable":true,"href":"http:\/\/elobservatorio.com.mx\/index.php?rest_route=\/wp\/v2\/users\/2"}],"replies":[{"embeddable":true,"href":"http:\/\/elobservatorio.com.mx\/index.php?rest_route=%2Fwp%2Fv2%2Fcomments&post=19821"}],"version-history":[{"count":0,"href":"http:\/\/elobservatorio.com.mx\/index.php?rest_route=\/wp\/v2\/posts\/19821\/revisions"}],"wp:featuredmedia":[{"embeddable":true,"href":"http:\/\/elobservatorio.com.mx\/index.php?rest_route=\/wp\/v2\/media\/19822"}],"wp:attachment":[{"href":"http:\/\/elobservatorio.com.mx\/index.php?rest_route=%2Fwp%2Fv2%2Fmedia&parent=19821"}],"wp:term":[{"taxonomy":"category","embeddable":true,"href":"http:\/\/elobservatorio.com.mx\/index.php?rest_route=%2Fwp%2Fv2%2Fcategories&post=19821"},{"taxonomy":"post_tag","embeddable":true,"href":"http:\/\/elobservatorio.com.mx\/index.php?rest_route=%2Fwp%2Fv2%2Ftags&post=19821"}],"curies":[{"name":"wp","href":"https:\/\/api.w.org\/{rel}","templated":true}]}}