{"id":20037,"date":"2022-01-05T18:19:24","date_gmt":"2022-01-06T00:19:24","guid":{"rendered":"http:\/\/elobservatorio.com.mx\/?p=20037"},"modified":"2022-01-05T18:19:24","modified_gmt":"2022-01-06T00:19:24","slug":"artista-colimense-murio-renegando-de-la-4t-esperando-pago-de-la-convocatoria-alas-y-raices-mx-2021","status":"publish","type":"post","link":"http:\/\/elobservatorio.com.mx\/?p=20037","title":{"rendered":"Artista colimense muri\u00f3 renegando de la 4T, esperando pago de la convocatoria \u00abAlas y Ra\u00edces Mx 2021\u00bb"},"content":{"rendered":"<p><em>*El pasado 21 de diciembre, tras nueve meses sin recibir su dep\u00f3sito por parte del gobierno federal, escribi\u00f3 que aunque sea quer\u00eda cenar\u00a0 \u00abfrijoles con queso\u00bb<\/em><\/p>\n<p>Triste, abandonado, en la zozobra, incertidumbre, deudas y la miseria, muri\u00f3 esta ma\u00f1ana quien fuera el reconocido\u00a0artista colimense, V\u00edctor Cruz \u201cPitor Chi\u201d, quien falleciera en la cl\u00ednica del IMSS durante la noche.<\/p>\n<p>En sus publicaciones dec\u00eda estar desilusionado de este gobierno de la 4T, al ser uno de las artistas v\u00edctimas de la indolencia, reclamando la falta de pago desde hace 9 meses, correspondiente a la convocatoria\u00a0 \u00abAlas y Ra\u00edces Mx 2021\u00bb, del gobierno federal a trav\u00e9s de la Secretar\u00eda de Cultura.<\/p>\n<p>Estos fueran algunas de sus \u00faltimas publicaciones<\/p>\n<p><img loading=\"lazy\" decoding=\"async\" class=\"alignnone wp-image-20039 size-full\" src=\"http:\/\/elobservatorio.com.mx\/wp-content\/uploads\/2022\/01\/pitorchi.jpg\" alt=\"\" width=\"750\" height=\"900\" srcset=\"http:\/\/elobservatorio.com.mx\/wp-content\/uploads\/2022\/01\/pitorchi.jpg 750w, http:\/\/elobservatorio.com.mx\/wp-content\/uploads\/2022\/01\/pitorchi-250x300.jpg 250w\" sizes=\"(max-width: 750px) 100vw, 750px\" \/><\/p>\n<p><img loading=\"lazy\" decoding=\"async\" class=\"alignnone size-full wp-image-20040\" src=\"http:\/\/elobservatorio.com.mx\/wp-content\/uploads\/2022\/01\/pitorchi1.jpg\" alt=\"\" width=\"415\" height=\"900\" srcset=\"http:\/\/elobservatorio.com.mx\/wp-content\/uploads\/2022\/01\/pitorchi1.jpg 415w, http:\/\/elobservatorio.com.mx\/wp-content\/uploads\/2022\/01\/pitorchi1-138x300.jpg 138w\" sizes=\"(max-width: 415px) 100vw, 415px\" \/><\/p>\n<p><img loading=\"lazy\" decoding=\"async\" class=\"alignnone size-full wp-image-20041\" src=\"http:\/\/elobservatorio.com.mx\/wp-content\/uploads\/2022\/01\/pitorchi2.jpg\" alt=\"\" width=\"415\" height=\"900\" srcset=\"http:\/\/elobservatorio.com.mx\/wp-content\/uploads\/2022\/01\/pitorchi2.jpg 415w, http:\/\/elobservatorio.com.mx\/wp-content\/uploads\/2022\/01\/pitorchi2-138x300.jpg 138w\" sizes=\"(max-width: 415px) 100vw, 415px\" \/><\/p>\n<p>&nbsp;<\/p>\n<p>&nbsp;<\/p>\n<div class=\"kvgmc6g5 cxmmr5t8 oygrvhab hcukyx3x c1et5uql ii04i59q\"><\/div>\n<div class=\"cxmmr5t8 oygrvhab hcukyx3x c1et5uql o9v6fnle ii04i59q\">\n<div dir=\"auto\"><\/div>\n<\/div>\n","protected":false},"excerpt":{"rendered":"<p>*El pasado 21 de diciembre, tras nueve meses sin recibir su dep\u00f3sito por parte del gobierno federal, escribi\u00f3 que aunque sea quer\u00eda cenar\u00a0 \u00abfrijoles con queso\u00bb Triste, abandonado, en la zozobra, incertidumbre, deudas y la miseria, muri\u00f3 esta ma\u00f1ana quien fuera el reconocido\u00a0artista colimense, V\u00edctor Cruz \u201cPitor Chi\u201d, quien falleciera en la cl\u00ednica del IMSS&#8230;<\/p>\n","protected":false},"author":2,"featured_media":20042,"comment_status":"open","ping_status":"open","sticky":false,"template":"","format":"standard","meta":{"footnotes":""},"categories":[16,12],"tags":[29,30,28],"class_list":["post-20037","post","type-post","status-publish","format-standard","has-post-thumbnail","hentry","category-gobierno","category-sociedad","tag-grid","tag-news","tag-slider"],"_links":{"self":[{"href":"http:\/\/elobservatorio.com.mx\/index.php?rest_route=\/wp\/v2\/posts\/20037"}],"collection":[{"href":"http:\/\/elobservatorio.com.mx\/index.php?rest_route=\/wp\/v2\/posts"}],"about":[{"href":"http:\/\/elobservatorio.com.mx\/index.php?rest_route=\/wp\/v2\/types\/post"}],"author":[{"embeddable":true,"href":"http:\/\/elobservatorio.com.mx\/index.php?rest_route=\/wp\/v2\/users\/2"}],"replies":[{"embeddable":true,"href":"http:\/\/elobservatorio.com.mx\/index.php?rest_route=%2Fwp%2Fv2%2Fcomments&post=20037"}],"version-history":[{"count":0,"href":"http:\/\/elobservatorio.com.mx\/index.php?rest_route=\/wp\/v2\/posts\/20037\/revisions"}],"wp:featuredmedia":[{"embeddable":true,"href":"http:\/\/elobservatorio.com.mx\/index.php?rest_route=\/wp\/v2\/media\/20042"}],"wp:attachment":[{"href":"http:\/\/elobservatorio.com.mx\/index.php?rest_route=%2Fwp%2Fv2%2Fmedia&parent=20037"}],"wp:term":[{"taxonomy":"category","embeddable":true,"href":"http:\/\/elobservatorio.com.mx\/index.php?rest_route=%2Fwp%2Fv2%2Fcategories&post=20037"},{"taxonomy":"post_tag","embeddable":true,"href":"http:\/\/elobservatorio.com.mx\/index.php?rest_route=%2Fwp%2Fv2%2Ftags&post=20037"}],"curies":[{"name":"wp","href":"https:\/\/api.w.org\/{rel}","templated":true}]}}