{"id":2009,"date":"2019-01-30T06:57:10","date_gmt":"2019-01-30T06:57:10","guid":{"rendered":"http:\/\/elobservatorio.com.mx\/destaca-griselda-acciones-a-sus-primeros-100-dias-de-gobierno"},"modified":"2019-01-30T06:58:03","modified_gmt":"2019-01-30T06:58:03","slug":"destaca-griselda-acciones-a-sus-primeros-100-dias-de-gobierno","status":"publish","type":"post","link":"http:\/\/elobservatorio.com.mx\/?p=2009","title":{"rendered":"Destaca Griselda acciones a sus primeros 100 d\u00edas de gobierno"},"content":{"rendered":"<p>La tarde del\u00a0 lunes 28 de enero, la presidenta municipal del H. Ayuntamiento de Manzanillo, Griselda Mart\u00ednez, encabez\u00f3 el informe de los primeros 100 d\u00edas de su gobierno. Ante la presencia de Manzanillenses, regidores, funcionarios y p\u00fablico en general, la presidenta resalt\u00f3 las acciones m\u00e1s importantes que ha realizado en su administraci\u00f3n.<\/p>\n<p>Destac\u00f3 que desde el pasado 16 de octubre del 2018, su administraci\u00f3n atendi\u00f3, las demandas ciudadanas m\u00e1s urgentes y sensibles, y que en cada acci\u00f3n se reflej\u00f3, la voluntad, la vocaci\u00f3n de servicio, la determinaci\u00f3n de la administraci\u00f3n municipal 2018 \u2013 2021.<\/p>\n<p>Resalt\u00f3 los retos que han enfrentado desde los primeros d\u00edas de su gobierno, y que ninguno de ellos ha sido obst\u00e1culo para trabajar en beneficio de los ciudadanos.\u00a0 La crisis financiera en la que recibi\u00f3 al Ayuntamiento, los altos \u00edndices delictivos que aquejan al municipio, la falta de equipo de seguridad p\u00fablica, entre otros.<\/p>\n<p>Durante la ma\u00f1ana de ayer, la presidenta realiz\u00f3 una de las acciones m\u00e1s importantes hasta ahora de su administraci\u00f3n, que fue la entrega de 4 patrullas y 6 motocicletas a la Direcci\u00f3n de Seguridad P\u00fablica. Relat\u00f3 que unas de sus prioridades, es la recuperaci\u00f3n de la seguridad en el municipio, ya que es uno de los reclamos m\u00e1s solicitadas por la ciudadan\u00eda.<\/p>\n<p>La alcaldesa inform\u00f3 que para la adquisici\u00f3n de los 10 veh\u00edculos, signific\u00f3 la recuperaci\u00f3n de un fondo de 3.8 millones de pesos, trav\u00e9s del Fondo de Aportaci\u00f3n para Fortalecimiento de los municipios (Fortamun) y Fondo para el Fortalecimiento para la Seguridad fortaseg). Que estuvo a punto de perderse por las fallas administrativas del pasado gobierno municipal.<\/p>\n<p>Por \u00faltimo dijo que seguir\u00e1 realizando gestiones para adquirir m\u00e1s equipo para la DSP. Pues la corporaci\u00f3n municipal deber\u00eda contar con 50 camionetas y 30 motocicletas, para su debida operaci\u00f3n.<\/p>\n","protected":false},"excerpt":{"rendered":"<p>La tarde del\u00a0 lunes 28 de enero, la presidenta municipal del H. Ayuntamiento de Manzanillo, Griselda Mart\u00ednez, encabez\u00f3 el informe de los primeros 100 d\u00edas de su gobierno. Ante la presencia de Manzanillenses, regidores, funcionarios y p\u00fablico en general, la presidenta resalt\u00f3 las acciones m\u00e1s importantes que ha realizado en su administraci\u00f3n. Destac\u00f3 que desde&#8230;<\/p>\n","protected":false},"author":2,"featured_media":2010,"comment_status":"open","ping_status":"open","sticky":false,"template":"","format":"standard","meta":{"footnotes":""},"categories":[35,8],"tags":[29,30,28],"class_list":["post-2009","post","type-post","status-publish","format-standard","has-post-thumbnail","hentry","category-manzanillo","category-municipios","tag-grid","tag-news","tag-slider"],"_links":{"self":[{"href":"http:\/\/elobservatorio.com.mx\/index.php?rest_route=\/wp\/v2\/posts\/2009"}],"collection":[{"href":"http:\/\/elobservatorio.com.mx\/index.php?rest_route=\/wp\/v2\/posts"}],"about":[{"href":"http:\/\/elobservatorio.com.mx\/index.php?rest_route=\/wp\/v2\/types\/post"}],"author":[{"embeddable":true,"href":"http:\/\/elobservatorio.com.mx\/index.php?rest_route=\/wp\/v2\/users\/2"}],"replies":[{"embeddable":true,"href":"http:\/\/elobservatorio.com.mx\/index.php?rest_route=%2Fwp%2Fv2%2Fcomments&post=2009"}],"version-history":[{"count":0,"href":"http:\/\/elobservatorio.com.mx\/index.php?rest_route=\/wp\/v2\/posts\/2009\/revisions"}],"wp:featuredmedia":[{"embeddable":true,"href":"http:\/\/elobservatorio.com.mx\/index.php?rest_route=\/wp\/v2\/media\/2010"}],"wp:attachment":[{"href":"http:\/\/elobservatorio.com.mx\/index.php?rest_route=%2Fwp%2Fv2%2Fmedia&parent=2009"}],"wp:term":[{"taxonomy":"category","embeddable":true,"href":"http:\/\/elobservatorio.com.mx\/index.php?rest_route=%2Fwp%2Fv2%2Fcategories&post=2009"},{"taxonomy":"post_tag","embeddable":true,"href":"http:\/\/elobservatorio.com.mx\/index.php?rest_route=%2Fwp%2Fv2%2Ftags&post=2009"}],"curies":[{"name":"wp","href":"https:\/\/api.w.org\/{rel}","templated":true}]}}