{"id":20187,"date":"2022-01-11T15:21:46","date_gmt":"2022-01-11T21:21:46","guid":{"rendered":"http:\/\/elobservatorio.com.mx\/?p=20187"},"modified":"2022-01-11T15:23:22","modified_gmt":"2022-01-11T21:23:22","slug":"decomisan-narcojet-del-cjng-con-mas-de-una-tonelada-de-cocaina-en-guatemala","status":"publish","type":"post","link":"http:\/\/elobservatorio.com.mx\/?p=20187","title":{"rendered":"Decomisan \u201cnarcojet\u201d del CJNG con m\u00e1s de una tonelada de coca\u00edna, en Guatemala"},"content":{"rendered":"<p><em>*La aeronave habr\u00eda sido enviada desde la zona fronteriza de Colombia con Venezuela por las disidencias de las FARC<\/em><\/p>\n<p>Autoridades de\u00a0<strong>Guatemala,<\/strong>\u00a0en colaboraci\u00f3n con la F<strong>iscal\u00eda de Colombia<\/strong>, decomisaron un \u201cnarcojet\u201d, presuntamente, de miembros del Cartel Jalisco Nueva Generaci\u00f3n(CJNG) con\u00a0<strong>1.028 kilogramos de coca\u00edna<\/strong>.<\/p>\n<p>De acuerdo a las autoridades colombianas, la aeronave conten\u00eda m\u00e1s de una tonelada de coca\u00edna de alta pureza y habr\u00eda sido enviada desde la zona fronteriza con Venezuela por las disidencias de las\u00a0<strong>Fuerzas Armadas Revolucionarias de Colombia (FARC)\u00a0<\/strong>con destino a Centroam\u00e9rica.<\/p>\n<p>Detallaron que el \u201cnarcojet\u201d ser\u00eda recibido por contactos del c\u00e1rtel mexicano, y los paquetes llevaban las iniciales GI que corresponder\u00edan a un capo de Tumaco que mueve los cargamentos por tierra hasta la frontera con <strong>Venezuela.<\/strong><\/p>\n<figure class=\"wp-block-embed is-type-rich is-provider-twitter wp-block-embed-twitter\">\n<div class=\"wp-block-embed__wrapper\">\n<blockquote>\n<div class=\"twitter-tweet twitter-tweet-rendered\"><a href=\"https:\/\/twitter.com\/hashtag\/ATENCI%C3%93N?src=hash&amp;ref_src=twsrc%5Etfw\" target=\"_blank\" rel=\"noopener\">#ATENCI\u00d3N<\/a>\u00a0| Acci\u00f3n investigativa del CTI de la Fiscal\u00eda permite ubicar Narcojet en Guatemala. M\u00e1s de una tonelada de coca\u00edna habr\u00eda sido enviada por las disidencias de FARC hacia Centroam\u00e9rica, donde ser\u00eda recibida por contactos del cartel mexicano de Jalisco \u2018Nueva Generaci\u00f3n\u2019.\u00a0<a href=\"https:\/\/t.co\/DlR23LnqAG\" target=\"_blank\">pic.twitter.com\/DlR23LnqAG<\/a><\/div>\n<p>\u2014 Fiscal\u00eda Colombia (@FiscaliaCol)\u00a0<a href=\"https:\/\/twitter.com\/FiscaliaCol\/status\/1480510167494139910?ref_src=twsrc%5Etfw\" target=\"_blank\" rel=\"noopener\">January 10, 2022<\/a><\/p><\/blockquote>\n<\/div>\n<\/figure>\n<p>El\u00a0<strong>Cuerpo T\u00e9cnico de Investigaci\u00f3n (CTI)\u00a0<\/strong>de la Fiscal\u00eda advirti\u00f3 sobre el cargamento que llevaba un un jet G3, que despeg\u00f3 de una \u201cpista clandestina\u201d en Venezuela, por lo que la nave fue detectada por autoridades internacionales y fue obligada a aterrizar en<strong>\u00a0Pet\u00e9n (Guatemala)<\/strong>, seg\u00fan el texto.<\/p>\n<p>La informaci\u00f3n oficial adem\u00e1s indica que fue encontrado un laboratorio en Tumaco (Nari\u00f1o), en junio del a\u00f1o pasado, que le permiti\u00f3 al CTI de la Fiscal\u00eda, junto con el Ej\u00e9rcito Nacional y la agencia estadounidense DEA, \u201cconocer la ruta y el andamiaje criminal dispuesto para procesar y sacar toneladas de clorhidrato de coca\u00edna\u201d.<\/p>\n<p>Con informaci\u00f3n de <em>Noticiasenlamira.com<\/em><\/p>\n","protected":false},"excerpt":{"rendered":"<p>*La aeronave habr\u00eda sido enviada desde la zona fronteriza de Colombia con Venezuela por las disidencias de las FARC Autoridades de\u00a0Guatemala,\u00a0en colaboraci\u00f3n con la Fiscal\u00eda de Colombia, decomisaron un \u201cnarcojet\u201d, presuntamente, de miembros del Cartel Jalisco Nueva Generaci\u00f3n(CJNG) con\u00a01.028 kilogramos de coca\u00edna. De acuerdo a las autoridades colombianas, la aeronave conten\u00eda m\u00e1s de una tonelada&#8230;<\/p>\n","protected":false},"author":2,"featured_media":20188,"comment_status":"open","ping_status":"open","sticky":false,"template":"","format":"standard","meta":{"footnotes":""},"categories":[13],"tags":[29,30,28],"class_list":["post-20187","post","type-post","status-publish","format-standard","has-post-thumbnail","hentry","category-nacion-y-mundo","tag-grid","tag-news","tag-slider"],"_links":{"self":[{"href":"http:\/\/elobservatorio.com.mx\/index.php?rest_route=\/wp\/v2\/posts\/20187"}],"collection":[{"href":"http:\/\/elobservatorio.com.mx\/index.php?rest_route=\/wp\/v2\/posts"}],"about":[{"href":"http:\/\/elobservatorio.com.mx\/index.php?rest_route=\/wp\/v2\/types\/post"}],"author":[{"embeddable":true,"href":"http:\/\/elobservatorio.com.mx\/index.php?rest_route=\/wp\/v2\/users\/2"}],"replies":[{"embeddable":true,"href":"http:\/\/elobservatorio.com.mx\/index.php?rest_route=%2Fwp%2Fv2%2Fcomments&post=20187"}],"version-history":[{"count":0,"href":"http:\/\/elobservatorio.com.mx\/index.php?rest_route=\/wp\/v2\/posts\/20187\/revisions"}],"wp:featuredmedia":[{"embeddable":true,"href":"http:\/\/elobservatorio.com.mx\/index.php?rest_route=\/wp\/v2\/media\/20188"}],"wp:attachment":[{"href":"http:\/\/elobservatorio.com.mx\/index.php?rest_route=%2Fwp%2Fv2%2Fmedia&parent=20187"}],"wp:term":[{"taxonomy":"category","embeddable":true,"href":"http:\/\/elobservatorio.com.mx\/index.php?rest_route=%2Fwp%2Fv2%2Fcategories&post=20187"},{"taxonomy":"post_tag","embeddable":true,"href":"http:\/\/elobservatorio.com.mx\/index.php?rest_route=%2Fwp%2Fv2%2Ftags&post=20187"}],"curies":[{"name":"wp","href":"https:\/\/api.w.org\/{rel}","templated":true}]}}