{"id":20195,"date":"2022-01-11T18:14:04","date_gmt":"2022-01-12T00:14:04","guid":{"rendered":"http:\/\/elobservatorio.com.mx\/?p=20195"},"modified":"2022-01-11T18:14:04","modified_gmt":"2022-01-12T00:14:04","slug":"promueve-gobierno-de-colima-nacimiento-de-cristian-nodal-como-valor-cultural-tunden-en-redes-al-titular","status":"publish","type":"post","link":"http:\/\/elobservatorio.com.mx\/?p=20195","title":{"rendered":"Promueve gobierno de Colima nacimiento de Cristian Nodal como \u00abvalor cultural\u00bb; tunden en redes al titular"},"content":{"rendered":"<p><em>*La publicaci\u00f3n encendi\u00f3 las redes sociales y sorprendi\u00f3 por tan iincreible ocurrencia del titular de cultura en el Estado.<\/em><\/p>\n<p>Colima Col.- El d\u00eda hoy caus\u00f3 polemica y encendi\u00f3 las redes sociales una publicaci\u00f3n que hizo la secretar\u00eda de Cultura del Estado, en donde destaca el nacimiento del cantante Cristian Nodal como un valuarte en la Cultura de M\u00e9xico.<\/p>\n<p>La publicaci\u00f3n caus\u00f3 asombro y molest\u00eda en redes sociales que gener\u00f3 cientos de comentarios negativos en contra de la secretar\u00eda de Turismo. La publicaci\u00f3n dice as\u00ed:<\/p>\n<blockquote><p><em>\u00abEsta tarde de martes celebramos que en #UnD\u00edaComoHoy, pero de 1999, naci\u00f3 en Caborca, Sonora, el cantautor mexicano, Christian Nodal. \ud83e\udd20 \ud83c\udfa4<\/em><\/p>\n<p><em>Nodal comenz\u00f3 su trayectoria musical \ud83c\udfb6 desde su adolescencia y con trabajo constante y disciplina ha logrado que su talento crezca y llegue, cada d\u00eda m\u00e1s, a miles de personas. En el 2018 y en el 2020 gan\u00f3 la categor\u00eda de Artista Favorito de Regional Mexicano en los Premios Latin American Music y Spotify Awards \ud83c\udfc6 y el a\u00f1o pasado se llev\u00f3 el premio a Mejor Artista \ud83e\udd47 en los iHeartRadio Music Awards.<\/em><\/p>\n<p><em>Tenemos la certeza de que la trayectoria de este querido y joven cantante \ud83c\udfa4 seguir\u00e1 creciendo y se convertir\u00e1 en un notable exponente de la m\u00fasica popular mexicana \ud83c\udfbc\ud83c\uddf2\ud83c\uddfd. #NuestraCultura se nutre con todas las expresiones art\u00edsticas y g\u00e9neros, por ello la cultura de nuestro pa\u00eds, y #NuestraColima, es tan vasta.<\/em><\/p>\n<p style=\"text-align: left;\">Inmediatemente los usuarios en redes reaccionaron y tundieron al titular de Turismo ya que en nuestro Estado hay valores culturales musicales que est\u00e1n olvidados que representan parte de la historia de nuestro Estado.<\/p>\n<p><img loading=\"lazy\" decoding=\"async\" class=\"alignnone size-full wp-image-20196\" src=\"http:\/\/elobservatorio.com.mx\/wp-content\/uploads\/2022\/01\/c1.jpg\" alt=\"\" width=\"495\" height=\"503\" srcset=\"http:\/\/elobservatorio.com.mx\/wp-content\/uploads\/2022\/01\/c1.jpg 495w, http:\/\/elobservatorio.com.mx\/wp-content\/uploads\/2022\/01\/c1-295x300.jpg 295w\" sizes=\"(max-width: 495px) 100vw, 495px\" \/> <img loading=\"lazy\" decoding=\"async\" class=\"alignnone size-full wp-image-20197\" src=\"http:\/\/elobservatorio.com.mx\/wp-content\/uploads\/2022\/01\/c2.jpg\" alt=\"\" width=\"487\" height=\"487\" srcset=\"http:\/\/elobservatorio.com.mx\/wp-content\/uploads\/2022\/01\/c2.jpg 487w, http:\/\/elobservatorio.com.mx\/wp-content\/uploads\/2022\/01\/c2-300x300.jpg 300w, http:\/\/elobservatorio.com.mx\/wp-content\/uploads\/2022\/01\/c2-150x150.jpg 150w\" sizes=\"(max-width: 487px) 100vw, 487px\" \/> <img loading=\"lazy\" decoding=\"async\" class=\"alignnone size-full wp-image-20198\" src=\"http:\/\/elobservatorio.com.mx\/wp-content\/uploads\/2022\/01\/c3.jpg\" alt=\"\" width=\"481\" height=\"495\" srcset=\"http:\/\/elobservatorio.com.mx\/wp-content\/uploads\/2022\/01\/c3.jpg 481w, http:\/\/elobservatorio.com.mx\/wp-content\/uploads\/2022\/01\/c3-292x300.jpg 292w\" sizes=\"(max-width: 481px) 100vw, 481px\" \/> <img loading=\"lazy\" decoding=\"async\" class=\"alignnone size-full wp-image-20199\" src=\"http:\/\/elobservatorio.com.mx\/wp-content\/uploads\/2022\/01\/c4.jpg\" alt=\"\" width=\"483\" height=\"483\" srcset=\"http:\/\/elobservatorio.com.mx\/wp-content\/uploads\/2022\/01\/c4.jpg 483w, http:\/\/elobservatorio.com.mx\/wp-content\/uploads\/2022\/01\/c4-300x300.jpg 300w, http:\/\/elobservatorio.com.mx\/wp-content\/uploads\/2022\/01\/c4-150x150.jpg 150w\" sizes=\"(max-width: 483px) 100vw, 483px\" \/><\/p>\n<ul>\n<li>\n<div>\n<div class=\"kvgmc6g5 jb3vyjys rz4wbd8a qt6c0cv9 a8nywdso\">\n<ul>\n<li>\n<div class=\"ni8dbmo4 stjgntxs l9j0dhe7 d0szoon8\">\n<div class=\"l9j0dhe7 ecm0bbzt rz4wbd8a qt6c0cv9 scb9dxdr j83agx80 btwxx1t3 lzcic4wl\" tabindex=\"-1\" role=\"article\" aria-label=\"Respuesta de Antonio L\u00f3pez al comentario de Alexis Solis hace aproximadamente una hora\">\n<div class=\"rj1gh0hx buofh1pr ni8dbmo4 stjgntxs hv4rvrfc\">\n<ul class=\"_6coi oygrvhab ozuftl9m l66bhrea linoseic\">\n<li>\n<div>\n<div class=\"kvgmc6g5 jb3vyjys rz4wbd8a qt6c0cv9 a8nywdso\">\n<ul>\n<li>\n<div class=\"ni8dbmo4 stjgntxs l9j0dhe7 d0szoon8\">\n<div class=\"l9j0dhe7 ecm0bbzt rz4wbd8a qt6c0cv9 dati1w0a j83agx80 btwxx1t3 lzcic4wl\" tabindex=\"-1\" role=\"article\" aria-label=\"Comentario de Javier Nu\u00f1ez hace 4 horas\">\n<div class=\"rj1gh0hx buofh1pr ni8dbmo4 stjgntxs hv4rvrfc\">\n<div>\n<div class=\"q9uorilb sf5mxxl7 pgctjfs5\">\n<div class=\"no6464jc b5wmifdl nv5ty6hh\">\n<div class=\"oajrlxb2 gs1a9yip mtkw9kbi tlpljxtp qensuy8j ppp5ayq2 rq0escxv nhd2j8a9 mg4g778l pfnyh3mw p7hjln8o tgvbjcpo hpfvmrgz i1ao9s8h esuyzwwr f1sip0of du4w35lb n00je7tq arfg74bv qs9ysxi8 k77z8yql btwxx1t3 abiwlrkh p8dawk7l lzcic4wl dwo3fsh8 g5ia77u1 goun2846 ccm00jje s44p3ltw mk2mc5f4 rt8b4zig n8ej3o3l agehan2d sk4xxmp2 pq6dq46d kvgmc6g5 cxmmr5t8 oygrvhab hcukyx3x jb3vyjys rz4wbd8a qt6c0cv9 a8nywdso l9j0dhe7 pzggbiyp pkj7ub1o bqnlxs5p kkg9azqs c24pa1uk ln9iyx3p fe6kdd0r ar1oviwq l10q8mi9 sq40qgkc s8quxz6p pdjglbur\" tabindex=\"0\" role=\"button\" aria-expanded=\"false\" aria-haspopup=\"menu\" aria-label=\"Ocultar o denunciar este\"><\/div>\n<\/div>\n<\/div>\n<\/div>\n<div class=\"j83agx80 bvz0fpym c1et5uql\">\n<div class=\"k4urcfbm sf5mxxl7 l9j0dhe7 pq6dq46d\">\n<div class=\"k4urcfbm hpfvmrgz g5gj957u buofh1pr mg4g778l\">\n<div class=\"e72ty7fz qlfml3jp inkptoze qmr60zad q9uorilb tvmbv18p d2edcug0 ni8dbmo4 stjgntxs l9j0dhe7 sf5mxxl7 kvgmc6g5\">\n<div class=\"d2edcug0\"><\/div>\n<div class=\"t51s4qs2 bv6zxntz qc3rp1z7 rj06g9kl e72ty7fz qlfml3jp inkptoze qmr60zad goun2846 ccm00jje s44p3ltw mk2mc5f4 frvqaej8 ed0hlay0 afxsp9o4 jcgfde61 hzruof5a i09qtzwb rq0escxv n7fi1qx3 pmk7jnqg j9ispegn kr520xx4\"><\/div>\n<\/div>\n<\/div>\n<div class=\"du4w35lb pmk7jnqg lthxh50u ox23h4wi kr9hpln1\">\n<div>\n<div class=\"oajrlxb2 g5ia77u1 qu0x051f esr5mh6w e9989ue4 r7d6kgcz rq0escxv nhd2j8a9 nc684nl6 p7hjln8o kvgmc6g5 cxmmr5t8 oygrvhab hcukyx3x jb3vyjys rz4wbd8a qt6c0cv9 a8nywdso i1ao9s8h esuyzwwr f1sip0of n00je7tq arfg74bv qs9ysxi8 k77z8yql l9j0dhe7 abiwlrkh p8dawk7l lzcic4wl\" tabindex=\"0\" role=\"button\" aria-label=\"2 reacciones, mira qui\u00e9n ha reaccionado a esto\">\n<div class=\"hyh9befq r8blr3vg n8tt0mok jwdofwj8 gl3lb2sf r9r71o1u j83agx80 ns4ygwem fykbt5ly hgaippwi fni8adji bp9cbjyn jkio9rs9 hn33210v\">\n<div class=\"b3onmgus rl25f0pe j83agx80 bp9cbjyn\"><span class=\"l9j0dhe7 lzcic4wl rl04r1d5 j83agx80 ns4ygwem fykbt5ly hgaippwi fni8adji nl6bj373 hn33210v\"><img decoding=\"async\" class=\"\" role=\"presentation\" src=\"data:;base64,<svg xmlns='http:\/\/www.w3.org\/2000\/svg' xmlns:xlink='http:\/\/www.w3.org\/1999\/xlink' viewBox='0 0 16 16'><defs> \t<linearGradient id='a' x1='50%' x2='50%' y1='10.25%' y2='100%'><stop offset='0%' stop-color='#FEEA70'\/><stop offset='100%' stop-color='#F69B30'\/><\/linearGradient> \t<linearGradient id='d' x1='50%' x2='50%' y1='0%' y2='100%'><stop offset='0%' stop-color='#472315'\/><stop offset='100%' stop-color='#8B3A0E'\/><\/linearGradient> \t<linearGradient id='e' x1='50%' x2='50%' y1='0%' y2='81.902%'><stop offset='0%' stop-color='#FC607C'\/><stop offset='100%' stop-color='#D91F3A'\/><\/linearGradient><filter id='c' width='118.8%' height='118.8%' x='-9.4%' y='-9.4%' filterUnits='objectBoundingBox'><feGaussianBlur in='SourceAlpha' result='shadowBlurInner1' stdDeviation='1'\/><feOffset dy='-1' in='shadowBlurInner1' result='shadowOffsetInner1'\/><feComposite in='shadowOffsetInner1' in2='SourceAlpha' k2='-1' k3='1' operator='arithmetic' result='shadowInnerInner1'\/><feColorMatrix in='shadowInnerInner1' values='0 0 0 0 0.921365489 0 0 0 0 0.460682745 0 0 0 0 0 0 0 0 0.35 0'\/><\/filter><path id='b' d='M16 8A8 8 0 110 8a8 8 0 0116 0'\/><\/defs><g fill='none'><use fill='url(#a)' xlink:href='#b'\/><use fill='black' filter='url(#c)' xlink:href='#b'\/><path fill='url(#d)' d='M3 8.008C3 10.023 4.006 14 8 14c3.993 0 5-3.977 5-5.992C13 7.849 11.39 7 8 7c-3.39 0-5 .849-5 1.008'\/><path fill='url(#e)' d='M4.541 12.5c.804.995 1.907 1.5 3.469 1.5 1.563 0 2.655-.505 3.459-1.5-.551-.588-1.599-1.5-3.459-1.5s-2.917.912-3.469 1.5'\/><path fill='#2A3755' d='M6.213 4.144c.263.188.502.455.41.788-.071.254-.194.369-.422.371-.78.011-1.708.255-2.506.612-.065.029-.197.088-.332.085-.124-.003-.251-.058-.327-.237-.067-.157-.073-.388.276-.598.545-.33 1.257-.48 1.909-.604a7.077 7.077 0 00-1.315-.768c-.427-.194-.38-.457-.323-.6.127-.317.609-.196 1.078.026a9 9 0 011.552.925zm3.577 0a8.953 8.953 0 011.55-.925c.47-.222.95-.343 1.078-.026.057.143.104.406-.323.6a7.029 7.029 0 00-1.313.768c.65.123 1.363.274 1.907.604.349.21.342.44.276.598-.077.18-.203.234-.327.237-.135.003-.267-.056-.332-.085-.797-.357-1.725-.6-2.504-.612-.228-.002-.351-.117-.422-.37-.091-.333.147-.6.41-.788z'\/><\/g><\/svg>\u00bb width=\u00bb16&#8243; height=\u00bb16&#8243; \/><\/span><\/div>\n<\/div>\n<\/div>\n<\/div>\n<\/div>\n<\/div>\n<\/div>\n<\/div>\n<\/div>\n<\/div>\n<\/li>\n<\/ul>\n<\/div>\n<\/div>\n<\/li>\n<\/ul>\n<\/div>\n<\/div>\n<\/div>\n<\/li>\n<\/ul>\n<\/div>\n<\/div>\n<\/li>\n<\/ul>\n<p>&nbsp;<\/p><\/blockquote>\n","protected":false},"excerpt":{"rendered":"<p>*La publicaci\u00f3n encendi\u00f3 las redes sociales y sorprendi\u00f3 por tan iincreible ocurrencia del titular de cultura en el Estado. Colima Col.- El d\u00eda hoy caus\u00f3 polemica y encendi\u00f3 las redes sociales una publicaci\u00f3n que hizo la secretar\u00eda de Cultura del Estado, en donde destaca el nacimiento del cantante Cristian Nodal como un valuarte en la&#8230;<\/p>\n","protected":false},"author":2,"featured_media":20200,"comment_status":"open","ping_status":"open","sticky":false,"template":"","format":"standard","meta":{"footnotes":""},"categories":[16,12],"tags":[29,30,28],"class_list":["post-20195","post","type-post","status-publish","format-standard","has-post-thumbnail","hentry","category-gobierno","category-sociedad","tag-grid","tag-news","tag-slider"],"_links":{"self":[{"href":"http:\/\/elobservatorio.com.mx\/index.php?rest_route=\/wp\/v2\/posts\/20195"}],"collection":[{"href":"http:\/\/elobservatorio.com.mx\/index.php?rest_route=\/wp\/v2\/posts"}],"about":[{"href":"http:\/\/elobservatorio.com.mx\/index.php?rest_route=\/wp\/v2\/types\/post"}],"author":[{"embeddable":true,"href":"http:\/\/elobservatorio.com.mx\/index.php?rest_route=\/wp\/v2\/users\/2"}],"replies":[{"embeddable":true,"href":"http:\/\/elobservatorio.com.mx\/index.php?rest_route=%2Fwp%2Fv2%2Fcomments&post=20195"}],"version-history":[{"count":0,"href":"http:\/\/elobservatorio.com.mx\/index.php?rest_route=\/wp\/v2\/posts\/20195\/revisions"}],"wp:featuredmedia":[{"embeddable":true,"href":"http:\/\/elobservatorio.com.mx\/index.php?rest_route=\/wp\/v2\/media\/20200"}],"wp:attachment":[{"href":"http:\/\/elobservatorio.com.mx\/index.php?rest_route=%2Fwp%2Fv2%2Fmedia&parent=20195"}],"wp:term":[{"taxonomy":"category","embeddable":true,"href":"http:\/\/elobservatorio.com.mx\/index.php?rest_route=%2Fwp%2Fv2%2Fcategories&post=20195"},{"taxonomy":"post_tag","embeddable":true,"href":"http:\/\/elobservatorio.com.mx\/index.php?rest_route=%2Fwp%2Fv2%2Ftags&post=20195"}],"curies":[{"name":"wp","href":"https:\/\/api.w.org\/{rel}","templated":true}]}}