{"id":20231,"date":"2022-01-12T20:36:13","date_gmt":"2022-01-13T02:36:13","guid":{"rendered":"http:\/\/elobservatorio.com.mx\/?p=20231"},"modified":"2022-01-12T20:38:21","modified_gmt":"2022-01-13T02:38:21","slug":"regidores-de-morena-aprueba-cerrar-acceso-al-pueblo-a-sesiones-de-cabildo","status":"publish","type":"post","link":"http:\/\/elobservatorio.com.mx\/?p=20231","title":{"rendered":"Regidores de MORENA aprueban cerrar acceso al pueblo a sesiones de cabildo"},"content":{"rendered":"<p><em>*Para poder ejercer su derecho a petici\u00f3n de audiencia aprobaron una serie de filtros y requisitos, si los cumplen, podr\u00e1n ser escuchados y atendidos.<\/em><\/p>\n<p><em>*El punto de acuerdo fue aprobado por la mayor\u00eda de MORENA<\/em><\/p>\n<p>Tecom\u00e1n Col.- El pasado lunes, mediante una sesi\u00f3n de cabildo, por mayor\u00eda de regidores de MORENA fue aprobado un punto de acuerdo en el que se prohibe a la ciudadan\u00eda ingresar a las sesiones de cabildo, no sin antes pasar por una serie de filtros y requisitos para poder ser atendidos y escuchados.<\/p>\n<p><strong>Fue la regidora de extracci\u00f3n morenista, Cinthya Guadalupe Preciado Rosales,<\/strong> quien solicit\u00f3 al pleno del cabildo\u00a0 someter a consideraci\u00f3n un punto de acuerdo \u00abque garantice el derecho petici\u00f3n y de audiencia de la ciudadan\u00eda con el H. Cabildo Municipal, denominado \u201cEl Cabildo te escucha\u201d. Loa cual consiste en una serie de filtros y requisitos<\/p>\n<p>En la exposici\u00f3n de motivos la regidora extern\u00f3 que:<\/p>\n<ul>\n<li>El ciudadano deber\u00e1 manifestar su inter\u00e9s con 24 horas de anticipaci\u00f3n a la celebraci\u00f3n de la sesi\u00f3n del H. Cabildo Municipal, ante la Secretar\u00eda del Ayuntamiento.<\/li>\n<li>El Secretario del Ayuntamiento le expedir\u00e1 un turno para ser atendido en audiencia con el H. Cabildo Municipal.<\/li>\n<li>El ciudadano deber\u00e1 comprobar que ya ha visitado las \u00e1reas de la administraci\u00f3n p\u00fablica centralizada o descentralizada competentes para resolver su inquietud o problema, sin haber obtenido respuesta.<\/li>\n<li>Se atender\u00e1n \u00fanicamente a 5 ciudadanos por d\u00eda de audiencia.<\/li>\n<li>Los ciudadanos ser\u00e1n atendidos inmediatamente despu\u00e9s de que sea clausurada la sesi\u00f3n de cabildo respectiva.<\/li>\n<li>Los ciudadanos ser\u00e1n atendidos en el mismo lugar en que tuvo verificativo la respectiva sesi\u00f3n de cabildo.<\/li>\n<li>Los mun\u00edcipes que hayan asistido a la sesi\u00f3n respectiva tienen la obligaci\u00f3n de permanecer en el mismo lugar que se haya celebrado la misma, para el desahogo de la audiencia.<\/li>\n<li>Los mun\u00edcipes tienen la obligaci\u00f3n de vincular al ciudadano con el \u00e1rea de la administraci\u00f3n p\u00fablica centralizada o descentralizada competente e instruirla para su debida atenci\u00f3n.<\/li>\n<\/ul>\n<p>Cabe mencionar que el punto de acuerdo fue aprobado por la mayor\u00eda de regidores de MORENA con 5 votos en contra de los regidores de oposici\u00f3n.<\/p>\n<p>&nbsp;<\/p>\n<p>&nbsp;<\/p>\n","protected":false},"excerpt":{"rendered":"<p>*Para poder ejercer su derecho a petici\u00f3n de audiencia aprobaron una serie de filtros y requisitos, si los cumplen, podr\u00e1n ser escuchados y atendidos. *El punto de acuerdo fue aprobado por la mayor\u00eda de MORENA Tecom\u00e1n Col.- El pasado lunes, mediante una sesi\u00f3n de cabildo, por mayor\u00eda de regidores de MORENA fue aprobado un punto&#8230;<\/p>\n","protected":false},"author":2,"featured_media":20232,"comment_status":"open","ping_status":"open","sticky":false,"template":"","format":"standard","meta":{"footnotes":""},"categories":[8,34],"tags":[29,30,28],"class_list":["post-20231","post","type-post","status-publish","format-standard","has-post-thumbnail","hentry","category-municipios","category-tecoman","tag-grid","tag-news","tag-slider"],"_links":{"self":[{"href":"http:\/\/elobservatorio.com.mx\/index.php?rest_route=\/wp\/v2\/posts\/20231"}],"collection":[{"href":"http:\/\/elobservatorio.com.mx\/index.php?rest_route=\/wp\/v2\/posts"}],"about":[{"href":"http:\/\/elobservatorio.com.mx\/index.php?rest_route=\/wp\/v2\/types\/post"}],"author":[{"embeddable":true,"href":"http:\/\/elobservatorio.com.mx\/index.php?rest_route=\/wp\/v2\/users\/2"}],"replies":[{"embeddable":true,"href":"http:\/\/elobservatorio.com.mx\/index.php?rest_route=%2Fwp%2Fv2%2Fcomments&post=20231"}],"version-history":[{"count":0,"href":"http:\/\/elobservatorio.com.mx\/index.php?rest_route=\/wp\/v2\/posts\/20231\/revisions"}],"wp:featuredmedia":[{"embeddable":true,"href":"http:\/\/elobservatorio.com.mx\/index.php?rest_route=\/wp\/v2\/media\/20232"}],"wp:attachment":[{"href":"http:\/\/elobservatorio.com.mx\/index.php?rest_route=%2Fwp%2Fv2%2Fmedia&parent=20231"}],"wp:term":[{"taxonomy":"category","embeddable":true,"href":"http:\/\/elobservatorio.com.mx\/index.php?rest_route=%2Fwp%2Fv2%2Fcategories&post=20231"},{"taxonomy":"post_tag","embeddable":true,"href":"http:\/\/elobservatorio.com.mx\/index.php?rest_route=%2Fwp%2Fv2%2Ftags&post=20231"}],"curies":[{"name":"wp","href":"https:\/\/api.w.org\/{rel}","templated":true}]}}