{"id":2031,"date":"2019-01-31T02:16:26","date_gmt":"2019-01-31T02:16:26","guid":{"rendered":"http:\/\/elobservatorio.com.mx\/realizan-donacion-de-sangre-en-el-complejo-de-atencion-integral-a-grupos-vulnerables"},"modified":"2019-01-31T02:17:19","modified_gmt":"2019-01-31T02:17:19","slug":"realizan-donacion-de-sangre-en-el-complejo-de-atencion-integral-a-grupos-vulnerables","status":"publish","type":"post","link":"http:\/\/elobservatorio.com.mx\/?p=2031","title":{"rendered":"Realizan donaci\u00f3n de sangre en el Complejo de Atenci\u00f3n Integral a Grupos Vulnerables"},"content":{"rendered":"<p class=\"x_MsoNormal\">La Presidenta del Voluntariado DIF Estatal, Margarita Moreno Gonz\u00e1lez, encabez\u00f3 la campa\u00f1a de donaci\u00f3n de Sangre, que coordin\u00f3 la asociaci\u00f3n Donadores Compulsivos y el Centro Estatal de Transfusi\u00f3n Sangu\u00ednea del Gobierno del Estado, la cual, se llev\u00f3 a cabo en las instalaciones del Complejo de Atenci\u00f3n Integral a Grupos Vulnerables, a la que se sum\u00f3 personal de DIF Estatal; del Instituto Colimense para la Discapacidad, la Beneficencia P\u00fablica,\u00a0 el Voluntariado Estatal p\u00fablico; as\u00ed como familiares del personal y p\u00fablico en general.<\/p>\n","protected":false},"excerpt":{"rendered":"<p>La Presidenta del Voluntariado DIF Estatal, Margarita Moreno Gonz\u00e1lez, encabez\u00f3 la campa\u00f1a de donaci\u00f3n de Sangre, que coordin\u00f3 la asociaci\u00f3n Donadores Compulsivos y el Centro Estatal de Transfusi\u00f3n Sangu\u00ednea del Gobierno del Estado, la cual, se llev\u00f3 a cabo en las instalaciones del Complejo de Atenci\u00f3n Integral a Grupos Vulnerables, a la que se sum\u00f3&#8230;<\/p>\n","protected":false},"author":2,"featured_media":2032,"comment_status":"open","ping_status":"open","sticky":false,"template":"","format":"standard","meta":{"footnotes":""},"categories":[19],"tags":[29,30,28],"class_list":["post-2031","post","type-post","status-publish","format-standard","has-post-thumbnail","hentry","category-fotonotas","tag-grid","tag-news","tag-slider"],"_links":{"self":[{"href":"http:\/\/elobservatorio.com.mx\/index.php?rest_route=\/wp\/v2\/posts\/2031"}],"collection":[{"href":"http:\/\/elobservatorio.com.mx\/index.php?rest_route=\/wp\/v2\/posts"}],"about":[{"href":"http:\/\/elobservatorio.com.mx\/index.php?rest_route=\/wp\/v2\/types\/post"}],"author":[{"embeddable":true,"href":"http:\/\/elobservatorio.com.mx\/index.php?rest_route=\/wp\/v2\/users\/2"}],"replies":[{"embeddable":true,"href":"http:\/\/elobservatorio.com.mx\/index.php?rest_route=%2Fwp%2Fv2%2Fcomments&post=2031"}],"version-history":[{"count":0,"href":"http:\/\/elobservatorio.com.mx\/index.php?rest_route=\/wp\/v2\/posts\/2031\/revisions"}],"wp:featuredmedia":[{"embeddable":true,"href":"http:\/\/elobservatorio.com.mx\/index.php?rest_route=\/wp\/v2\/media\/2032"}],"wp:attachment":[{"href":"http:\/\/elobservatorio.com.mx\/index.php?rest_route=%2Fwp%2Fv2%2Fmedia&parent=2031"}],"wp:term":[{"taxonomy":"category","embeddable":true,"href":"http:\/\/elobservatorio.com.mx\/index.php?rest_route=%2Fwp%2Fv2%2Fcategories&post=2031"},{"taxonomy":"post_tag","embeddable":true,"href":"http:\/\/elobservatorio.com.mx\/index.php?rest_route=%2Fwp%2Fv2%2Ftags&post=2031"}],"curies":[{"name":"wp","href":"https:\/\/api.w.org\/{rel}","templated":true}]}}