{"id":20334,"date":"2022-01-17T12:11:13","date_gmt":"2022-01-17T18:11:13","guid":{"rendered":"http:\/\/elobservatorio.com.mx\/?p=20334"},"modified":"2022-01-17T12:11:13","modified_gmt":"2022-01-17T18:11:13","slug":"invita-margarita-moreno-al-programa-matrimonios-contigo","status":"publish","type":"post","link":"http:\/\/elobservatorio.com.mx\/?p=20334","title":{"rendered":"Invita Margarita Moreno al programa \u201cMatrimonios Contigo\u201d"},"content":{"rendered":"<p class=\"x_MsoNormal\"><em>*En una acci\u00f3n coordinada entre el DIF Municipal y la Oficial\u00eda del Registro Civil, se apoyar\u00e1 a las parejas que quieran contraer matrimonio con tr\u00e1mites gratuitos.<\/em><\/p>\n<p class=\"x_MsoNormal\">A un mes del D\u00eda del Amor y la Amistad, la presidenta municipal de Colima, Margarita Moreno, realiz\u00f3 el lanzamiento de la convocatoria para el programa \u201cMatrimonios Contigo\u201d que, de manera coordinada, implementar\u00e1n el DIF Municipal Colima y la Oficial\u00eda del Registro Civil para apoyar a las parejas que deseen regularizar su estado civil el pr\u00f3ximo 14 de febrero.<\/p>\n<p class=\"x_MsoNormal\">El objetivo de esta campa\u00f1a es alentar la regularizaci\u00f3n de la situaci\u00f3n jur\u00eddica de las familias del municipio, obteniendo su acta de matrimonio con tr\u00e1mites sin costo alguno por parte del Ayuntamiento, adem\u00e1s de facilitar el procedimiento a trav\u00e9s del \u00e1rea jur\u00eddica del DIF Municipal.<\/p>\n<p class=\"x_MsoNormal\">La presidenta inform\u00f3 que las y los interesados deber\u00e1n realizar el tr\u00e1mite e ingresar su documentaci\u00f3n antes del 05 de febrero para que, el 14 de febrero, en una recepci\u00f3n especial, todas las parejas en conjunto puedan contraer matrimonio en un evento que se realizar\u00e1 en el Parque Hidalgo.<\/p>\n<p class=\"x_MsoNormal\">\u201cJusto para el D\u00eda del amor y la amistad, en el Ayuntamiento de Colima tenemos preparada una gran oportunidad que har\u00e1 de ese d\u00eda una fecha inolvidable; participa en el programa \u2018Matrimonios Contigo\u2019; comparte esa fecha con muchas parejas que tendr\u00e1n un recibimiento muy especial\u201d, coment\u00f3.<\/p>\n<p class=\"x_MsoNormal\">El tr\u00e1mite del registro para la regularizaci\u00f3n del estado civil, deber\u00e1 realizarse en las oficinas del DIF Municipal Colima, ubicadas en el Parque Hidalgo; los contrayentes deber\u00e1n cumplir con los siguientes documentos.<\/p>\n<p class=\"x_MsoNormal\">Acta de nacimiento actual, original y dos copias; constancia de solter\u00eda, expedida en el lugar de registro\u00a0\u00a0con vigencia 30 d\u00edas; en caso de ser divorciado, o viudo, es necesario presentar el acta certificada respectiva, actual, original y 2 copias; constancia de asistencia a pl\u00e1ticas de orientaci\u00f3n prematrimonial con vigencia de 30 d\u00edas, que se proporciona en la oficina del Registro Civil del Estado de Colima; certificado m\u00e9dico prenupcial (V.D.R.L. y tipo sangu\u00edneo), expedido por Cruz Roja o centro de salud con vigencia 15 d\u00edas; copia fotost\u00e1tica de identificaci\u00f3n oficial con fotograf\u00eda, as\u00ed como dos testigos por cada contrayente.<\/p>\n<p class=\"x_MsoNormal\">Para m\u00e1s informaci\u00f3n, se pueden consultar los requisitos en las redes sociales del DIF Municipal Colima, as\u00ed como solicitar informaci\u00f3n en el departamento jur\u00eddico del DIF Municipal Colima, al tel\u00e9fono 312 312 2876 extensi\u00f3n 207 o en la Oficial\u00eda del Registro Civil al tel\u00e9fono 312 31 63836.<\/p>\n","protected":false},"excerpt":{"rendered":"<p>*En una acci\u00f3n coordinada entre el DIF Municipal y la Oficial\u00eda del Registro Civil, se apoyar\u00e1 a las parejas que quieran contraer matrimonio con tr\u00e1mites gratuitos. A un mes del D\u00eda del Amor y la Amistad, la presidenta municipal de Colima, Margarita Moreno, realiz\u00f3 el lanzamiento de la convocatoria para el programa \u201cMatrimonios Contigo\u201d que,&#8230;<\/p>\n","protected":false},"author":2,"featured_media":20335,"comment_status":"open","ping_status":"open","sticky":false,"template":"","format":"standard","meta":{"footnotes":""},"categories":[36,8],"tags":[29,30,28],"class_list":["post-20334","post","type-post","status-publish","format-standard","has-post-thumbnail","hentry","category-colima","category-municipios","tag-grid","tag-news","tag-slider"],"_links":{"self":[{"href":"http:\/\/elobservatorio.com.mx\/index.php?rest_route=\/wp\/v2\/posts\/20334"}],"collection":[{"href":"http:\/\/elobservatorio.com.mx\/index.php?rest_route=\/wp\/v2\/posts"}],"about":[{"href":"http:\/\/elobservatorio.com.mx\/index.php?rest_route=\/wp\/v2\/types\/post"}],"author":[{"embeddable":true,"href":"http:\/\/elobservatorio.com.mx\/index.php?rest_route=\/wp\/v2\/users\/2"}],"replies":[{"embeddable":true,"href":"http:\/\/elobservatorio.com.mx\/index.php?rest_route=%2Fwp%2Fv2%2Fcomments&post=20334"}],"version-history":[{"count":0,"href":"http:\/\/elobservatorio.com.mx\/index.php?rest_route=\/wp\/v2\/posts\/20334\/revisions"}],"wp:featuredmedia":[{"embeddable":true,"href":"http:\/\/elobservatorio.com.mx\/index.php?rest_route=\/wp\/v2\/media\/20335"}],"wp:attachment":[{"href":"http:\/\/elobservatorio.com.mx\/index.php?rest_route=%2Fwp%2Fv2%2Fmedia&parent=20334"}],"wp:term":[{"taxonomy":"category","embeddable":true,"href":"http:\/\/elobservatorio.com.mx\/index.php?rest_route=%2Fwp%2Fv2%2Fcategories&post=20334"},{"taxonomy":"post_tag","embeddable":true,"href":"http:\/\/elobservatorio.com.mx\/index.php?rest_route=%2Fwp%2Fv2%2Ftags&post=20334"}],"curies":[{"name":"wp","href":"https:\/\/api.w.org\/{rel}","templated":true}]}}