{"id":20337,"date":"2022-01-17T12:51:57","date_gmt":"2022-01-17T18:51:57","guid":{"rendered":"http:\/\/elobservatorio.com.mx\/?p=20337"},"modified":"2022-01-17T13:00:05","modified_gmt":"2022-01-17T19:00:05","slug":"entre-telones-el-gobierno-municipal-de-manzanillo-2da-parte","status":"publish","type":"post","link":"http:\/\/elobservatorio.com.mx\/?p=20337","title":{"rendered":"Entre telones el gobierno municipal de Manzanillo( 2da parte)"},"content":{"rendered":"<p><strong>DE TODO UN POCO<\/strong><\/p>\n<p><em>POR L.A. ASOBRAB<\/em><\/p>\n<p>(SEGUNDA PARTE)<\/p>\n<p>Por los pasillos del palacio municipal de la casona de Ju\u00e1rez 100, corre el rumor que en la Direcci\u00f3n General de los Servicios P\u00fablicos Municipales, existe un olor penetrante con sapidez a corrupci\u00f3n, pues resulta que la Secretaria de Agricultura, Ganader\u00eda, Desarrollo Rural, Pesca y Alimentaci\u00f3n (SAGARPA) decomis\u00f3 cerca de noventa toneladas de az\u00facar contaminada, adem\u00e1s se comenta en voz baja y se cuestiona qu\u00e9 pas\u00f3 con dicho producto decomisado o\u00a0 fueron a parar al basurero municipal de Manzanillo, con la certeza que el producto de la ca\u00f1a fuera incinerada o destruida en su totalidad, pues result\u00f3 con residuos microbianos altamente nocivos para la salud de la poblaci\u00f3n, por eso fue decomisado por la inspecci\u00f3n de oficina de Fitozoosanitaria.<\/p>\n<p>Pero no falt\u00f3 un Gara\u00f1\u00f3n de alto linaje ( el jefe del departamento de los servicios p\u00fablicos del Ayuntamiento Manzanillo) que se echara el trompo a la u\u00f1a en contubernio con los responsables de cuidar las toneladas de deshecho que se depositan en el basurero municipal, se comenta que la operaci\u00f3n hormiga se hizo en forma de carrusel usando el transporte del propio ayuntamiento, inclusive se dice, que de las noventa toneladas de az\u00facar solo se destruyeron diez, y las ochenta restantes desaparecieron del dep\u00f3sito de basura en Top Secret.<\/p>\n<p>El titular de la Direcci\u00f3n de los Servicios p\u00fablicos Municipales, tendr\u00e1 que reunir a los implicados en esta operaci\u00f3n supuestamente ejecutada por sus subalternos, \u00e9ste tendr\u00e1 que abrir una carpeta de investigaci\u00f3n y sentar en el banquillo a los presuntos acusados de este atraco, adem\u00e1s se deber\u00e1 seguir el paradero de las supuestas ochenta toneladas de az\u00facar contaminada a qu\u00e9 establecimientos fueron a parar, para evitar una tragedia de consideraci\u00f3n.<\/p>\n<p>Pregunta obligada para la edil Porte\u00f1a <strong>\u00bfC\u00f3mo buena caporal su deber es cuidar el rancho, porque si se le escarba m\u00e1s a la parcela tenga la plena seguridad que existen en otras direcciones m\u00e1s casos de corrupci\u00f3n?<\/strong>, sino al tiempo.<\/p>\n<p>Tanto fue la molestia incomoda de la edil porte\u00f1a sobre el caso de la tarjeta Bancaria que supuestamente fue manipulada por un exfuncionario p\u00fablico que sustrajo dinero propiedad del ayuntamiento de Manzanillo, pues no que muy s\u00e1cale punta do\u00f1a Grillela?, la ciudadan\u00eda Manzanillense sigue a la espera del desenlace de la mentada Tarjeta Bancaria, pero sobre todo a cuanto ascend\u00eda la cantidad de dinero depositado por el Ayuntamiento a la tarjeta Gate, por lo pronto corre el rumor que ya hubo negociaci\u00f3n con el implicado por cierto del PVEM a cambio de inclinarse en las elecciones pasadas a favor de MORENA, \u00a1para que tanto brinco y pataleo do\u00f1a Grillela estando el piso tan parejo!<\/p>\n<p>A los que no los calienta el sol, mucho menos el mechero de la regasificadora de Campos, es a los funcionarios de primer nivel y uno que otro de menos peso espec\u00edfico, que participaron en las pasadas elecciones del mes de junio\/21, conociendo el temperamento, la prepotencia y la arrogancia como sabe conducirse la alcaldesa Mart\u00ednez y Mart\u00ednez, en forma miserable y ruin, se dio la tarea de \u201cdepurar\u201d parte de su gabinete que la llev\u00f3 de nueva cuenta al poder para el (2021-2024), comentan algunos pol\u00edticos en lo oscurito que desde Chilangolandia un alto funcionario con miras a la sucesi\u00f3n presidencial del 2024 mando una remesa de Chilangos huevones y tranzas a ocupar algunas direcciones municipales para empezar el trabajo sucio a favor de alguno de los tres posibles candidatos que m\u00e1s llaman la atenci\u00f3n (Claudia Sheinbaum, Marcelo Ebrard y Ricardo Monreal) para remplazar Andr\u00e9s Manuel L\u00f3pez Obrador.<\/p>\n<p>Por cual se inclinara Do\u00f1a Grillela Mart\u00ednez? Por lo pronto despidieron a directores desconocidos por el pueblo y entran otros mas desconocidos de peor cala\u00f1a, algunas preguntas que formula el pueblo para Do\u00f1a GRIS \u00bfcu\u00e1nto le costara al municipio la estancia de estos chilangos que duermen, comen, visten y calzan? \u00bfa cambio de que Grillela se prest\u00f3 para esta jugada \u201cestrat\u00e9gica\u201d? \u00bfQui\u00e9n esta atr\u00e1s de Gris formulando estas marruller\u00edas?\u00bfcu\u00e1l de los tres presuntos candidatos est\u00e1 financiando este movimiento anticipado? Y la Gobernadora IVS que opina al respecto? ser\u00e1 que Indira Vizca\u00edno Silva no comulga con el favorito de Grillela Mart\u00ednez? Ser\u00e1 parte del distanciamiento y los pleitos est\u00e9riles entre ambas? Usted qu\u00e9 opina?<\/p>\n<p><strong>LO INADMISIBLE DEL AYUNTAMIENTO DE MANZANILLO<\/strong><\/p>\n<p>El Ayuntamiento de Manzanillo a trav\u00e9s de la direcci\u00f3n de cultura organiz\u00f3 el 31\/12\/21 un evento poco transcendental denominado \u201c Caravana Acu\u00e1tica de Fin de a\u00f1o\u201d un festival que tuvo un costo mas de seiscientos mil pesos en premiaciones. Llo triste de este asunto, es que a la direccion encargada del evento no promovi\u00f3 p\u00fablicamente una convocatoria con puntos claros y concisos para que los participantes y el pueblo supiera de que se trataba la mentada \u201dcaravana acu\u00e1tica pichurrienta\u201d ante la escasez de p\u00fablico durante el recorrido por la bah\u00eda del puerto, solo siete embarcaciones se dieron a la tarea de adornarlas sin creatividad e imaginaci\u00f3n al objetivo que se pretend\u00eda.<\/p>\n<p>***\u201cLa Caravana Acu\u00e1tica de fin de a\u00f1o\u201d tuvo tintes maquiav\u00e9licos dise\u00f1ado por alguna cabeza de Chorlito que recibi\u00f3 la orden para tratar de desviar la atenci\u00f3n al evento que posteriormente se iba llevar a cabo \u201cManzanillo se Ilumina\u201d organizado por el Gobierno del estado de Colima, la treta falaz dise\u00f1ada por el Ayuntamiento Porte\u00f1o a trav\u00e9s de la Direcci\u00f3n de cultura no surti\u00f3 efecto.<\/p>\n<p>***El s\u00e1bado pasado 15\/ 01\/22 surgieron dos eventos importantes, el primero de ellos fue inesperado y preocupante para la poblaci\u00f3n Manzanillense, resulta que la erupci\u00f3n del volc\u00e1n Submarino ubicado en el Oc\u00e9ano Pacifico cerca de Tonga (Ocean\u00eda) y de Australia provoco una alerta de Tsunami para todos los puertos ubicados sobre el litoral del Pacifico entre ellos el puerto de Manzanillo, ante la incapacidad mostrada por las autoridad municipal la poblaci\u00f3n se mostr\u00f3 desconcertada y preocupada por este fen\u00f3meno, que en su momento provoc\u00f3 una psicosis nerviosa.<\/p>\n<p>Lo m\u00e1s grave del asunto es que el 60% de los Manzanillenses ni cuenta se dieron de la gravedad de este hecho, ning\u00fan medio radiof\u00f3nico suspendi\u00f3 su programaci\u00f3n para brindar espacio informativo de este suceso, que pudo traer consecuencias serias y lamentables.<\/p>\n<p>El segundo evento fue la actuaci\u00f3n del payaso Karcocha,\u00a0 Arlequ\u00edn de origen Chileno, que vino amenizar un rato de humor y alegr\u00eda a los porte\u00f1os, lo ins\u00f3lito de este asunto el que a las autoridades Municipales se les olvid\u00f3 que Colima estaba a unos cuantos pasos de entrar en sem\u00e1foro Rojo, por lo pronto los hospitales no se dan abasto para atender a los afectados por el Covid-19 y el Omicron y este evento que reuni\u00f3 a un n\u00famero considerable de asistentes, se les olvid\u00f3 que seguimos en pandemia y esperemos que por la irresponsabilidad de la autoridad municipal, no se tenga que terminar haciendo fila en los ya colapsados hospitales p\u00fablicos porte\u00f1os<\/p>\n","protected":false},"excerpt":{"rendered":"<p>DE TODO UN POCO POR L.A. ASOBRAB (SEGUNDA PARTE) Por los pasillos del palacio municipal de la casona de Ju\u00e1rez 100, corre el rumor que en la Direcci\u00f3n General de los Servicios P\u00fablicos Municipales, existe un olor penetrante con sapidez a corrupci\u00f3n, pues resulta que la Secretaria de Agricultura, Ganader\u00eda, Desarrollo Rural, Pesca y Alimentaci\u00f3n&#8230;<\/p>\n","protected":false},"author":2,"featured_media":20245,"comment_status":"open","ping_status":"open","sticky":false,"template":"","format":"standard","meta":{"footnotes":""},"categories":[11],"tags":[29,30,28],"class_list":["post-20337","post","type-post","status-publish","format-standard","has-post-thumbnail","hentry","category-opinion","tag-grid","tag-news","tag-slider"],"_links":{"self":[{"href":"http:\/\/elobservatorio.com.mx\/index.php?rest_route=\/wp\/v2\/posts\/20337"}],"collection":[{"href":"http:\/\/elobservatorio.com.mx\/index.php?rest_route=\/wp\/v2\/posts"}],"about":[{"href":"http:\/\/elobservatorio.com.mx\/index.php?rest_route=\/wp\/v2\/types\/post"}],"author":[{"embeddable":true,"href":"http:\/\/elobservatorio.com.mx\/index.php?rest_route=\/wp\/v2\/users\/2"}],"replies":[{"embeddable":true,"href":"http:\/\/elobservatorio.com.mx\/index.php?rest_route=%2Fwp%2Fv2%2Fcomments&post=20337"}],"version-history":[{"count":0,"href":"http:\/\/elobservatorio.com.mx\/index.php?rest_route=\/wp\/v2\/posts\/20337\/revisions"}],"wp:featuredmedia":[{"embeddable":true,"href":"http:\/\/elobservatorio.com.mx\/index.php?rest_route=\/wp\/v2\/media\/20245"}],"wp:attachment":[{"href":"http:\/\/elobservatorio.com.mx\/index.php?rest_route=%2Fwp%2Fv2%2Fmedia&parent=20337"}],"wp:term":[{"taxonomy":"category","embeddable":true,"href":"http:\/\/elobservatorio.com.mx\/index.php?rest_route=%2Fwp%2Fv2%2Fcategories&post=20337"},{"taxonomy":"post_tag","embeddable":true,"href":"http:\/\/elobservatorio.com.mx\/index.php?rest_route=%2Fwp%2Fv2%2Ftags&post=20337"}],"curies":[{"name":"wp","href":"https:\/\/api.w.org\/{rel}","templated":true}]}}