{"id":20382,"date":"2022-01-18T22:23:11","date_gmt":"2022-01-19T04:23:11","guid":{"rendered":"http:\/\/elobservatorio.com.mx\/?p=20382"},"modified":"2022-01-18T22:23:11","modified_gmt":"2022-01-19T04:23:11","slug":"margarita-moreno-presenta-el-plan-municipal-de-desarrollo-2021-2024","status":"publish","type":"post","link":"http:\/\/elobservatorio.com.mx\/?p=20382","title":{"rendered":"Margarita Moreno presenta el Plan Municipal de Desarrollo 2021 \u2013 2024"},"content":{"rendered":"<p class=\"x_MsoNormal\">\n<p class=\"x_MsoNormal\"><span style=\"color: #4ca6cf;\"><span style=\"background-color: #d5d5d5;\">*<\/span><\/span><em>De manera in\u00e9dita el Plan Municipal atiende las exigencias y necesidades de la poblaci\u00f3n de la capital colimense, tras haber escuchado sus planteamientos en colonias y comunidades.<\/em><\/p>\n<p class=\"x_MsoNormal\">Como resultado de un trabajo cercano con la poblaci\u00f3n, a trav\u00e9s de diversos foros de participaci\u00f3n ciudadana, la presidenta municipal de Colima, Margarita Moreno, present\u00f3 el Plan Municipal de Desarrollo 2021 \u2013 2024 para la capital del estado, en el que se atienden los planteamientos m\u00e1s apremiantes para construir el municipio que las y los colimenses merecen.<\/p>\n<p class=\"x_MsoNormal\">La presidenta municipal afirm\u00f3 que si la poblaci\u00f3n se hace part\u00edcipe de las decisiones de gobierno se fortalece el actuar institucional, al afirmar que es una premisa de su administraci\u00f3n tomar en cuenta la opini\u00f3n de las y los ciudadanos.<\/p>\n<p class=\"x_MsoNormal\">\u201cAs\u00ed, obtuvimos un Plan completo, s\u00f3lido, que est\u00e1 alineado al Plan Nacional y al Plan Estatal, de manera especial al proyecto de Estado que ha dise\u00f1ado la Gobernadora Indira Vizca\u00edno Silva, pues en equipo podremos alcanzar muchos m\u00e1s resultados y en menor tiempo\u201d, expres\u00f3.<\/p>\n<p class=\"x_MsoNormal\">En un evento realizado en el patio central del Ayuntamiento de Colima, acompa\u00f1ada por representantes y titulares de los poderes del Estado, representantes del sector social, acad\u00e9mico y empresarial, Margarita Moreno extern\u00f3 que la participaci\u00f3n social en la creaci\u00f3n de este Plan fue in\u00e9dita, teniendo una gran respuesta con diversidad de propuestas.<\/p>\n<p class=\"x_MsoNormal\">Al presentar el plan que regir\u00e1 su administraci\u00f3n se\u00f1al\u00f3 que los 4 ejes estructurales ser\u00e1n: Colima Humano; Colima Pr\u00f3spero; Colima Limpio y Colima Ordenado. \u201cPorque es Colima que merecemos y desde hoy vamos a trabajar sin descanso para alcanzar las metas planteadas\u201d.<\/p>\n<p class=\"x_MsoNormal\">Como un acto de simb\u00f3lico, la presidenta municipal hizo entrega del Plan Municipal de Desarrollo a la ni\u00f1a Sof\u00eda y al ni\u00f1o Joshua Mateo, al afirmar que la bandera de la administraci\u00f3n que encabeza ser\u00e1 la ni\u00f1ez, haciendo \u00e9nfasis en que cada acci\u00f3n que realice ser\u00e1 pensada en el bienestar de las familias del municipio.<\/p>\n<p class=\"x_MsoNormal\">En su mensaje el rector de la Universidad de Colima, Christian Jorge Torres Ortiz Zerme\u00f1o expres\u00f3 el respaldo de la m\u00e1xima casa de estudios para colaborar en el cumplimiento de los objetivos de la administraci\u00f3n en beneficio de la sociedad colimense al reconocer el trabajo que ha dirigido la presidenta municipal, Margarita Moreno.<\/p>\n<p class=\"x_MsoNormal\">\u201cPresentar un documento como lo es el Plan Municipal de Desarrollo es una expresi\u00f3n genuina de transparencia, de sociabilizaci\u00f3n y rendici\u00f3n de cuentas con la sociedad\u201d, manifest\u00f3.<\/p>\n<p class=\"x_MsoNormal\">En representaci\u00f3n de la gobernadora Indira Vizca\u00edno Silva, la Secretaria de Movilidad y Desarrollo Urbano del Gobierno del Estado, Marisol Neri Le\u00f3n, manifest\u00f3 que el acercamiento que se tiene en la presentaci\u00f3n del Plan Municipal de Desarrollo es muestra de la estrecha colaboraci\u00f3n que existe para trabajar en coordinaci\u00f3n desde el gobierno en favor de la poblaci\u00f3n.<\/p>\n<p class=\"x_MsoNormal\">\u201cSomos gobierno, nuestra deber es resolver las necesidades de la poblaci\u00f3n, sin distinci\u00f3n, ni miramientos vamos a colaborar en todo lo que sea necesario para que todas y todos los colimenses est\u00e9n bien arropados y cada vez tengan mejores servicios estatales y municipales\u201d, enfatiz\u00f3.<\/p>\n<p class=\"x_MsoNormal\">En este acto solemne asistieron como invitados especiales el Magistrado presidente del Poder Judicial del Estado de Colima, Bernardo Salazar Santana; la diputada Katia Castillo, en representaci\u00f3n del Congreso del Estado; as\u00ed como ex gobernadores y representantes del sector acad\u00e9mico, social y empresarial del Estado de Colima.<\/p>\n","protected":false},"excerpt":{"rendered":"<p>*De manera in\u00e9dita el Plan Municipal atiende las exigencias y necesidades de la poblaci\u00f3n de la capital colimense, tras haber escuchado sus planteamientos en colonias y comunidades. Como resultado de un trabajo cercano con la poblaci\u00f3n, a trav\u00e9s de diversos foros de participaci\u00f3n ciudadana, la presidenta municipal de Colima, Margarita Moreno, present\u00f3 el Plan Municipal&#8230;<\/p>\n","protected":false},"author":2,"featured_media":20383,"comment_status":"open","ping_status":"open","sticky":false,"template":"","format":"standard","meta":{"footnotes":""},"categories":[36,8],"tags":[29,30,28],"class_list":["post-20382","post","type-post","status-publish","format-standard","has-post-thumbnail","hentry","category-colima","category-municipios","tag-grid","tag-news","tag-slider"],"_links":{"self":[{"href":"http:\/\/elobservatorio.com.mx\/index.php?rest_route=\/wp\/v2\/posts\/20382"}],"collection":[{"href":"http:\/\/elobservatorio.com.mx\/index.php?rest_route=\/wp\/v2\/posts"}],"about":[{"href":"http:\/\/elobservatorio.com.mx\/index.php?rest_route=\/wp\/v2\/types\/post"}],"author":[{"embeddable":true,"href":"http:\/\/elobservatorio.com.mx\/index.php?rest_route=\/wp\/v2\/users\/2"}],"replies":[{"embeddable":true,"href":"http:\/\/elobservatorio.com.mx\/index.php?rest_route=%2Fwp%2Fv2%2Fcomments&post=20382"}],"version-history":[{"count":0,"href":"http:\/\/elobservatorio.com.mx\/index.php?rest_route=\/wp\/v2\/posts\/20382\/revisions"}],"wp:featuredmedia":[{"embeddable":true,"href":"http:\/\/elobservatorio.com.mx\/index.php?rest_route=\/wp\/v2\/media\/20383"}],"wp:attachment":[{"href":"http:\/\/elobservatorio.com.mx\/index.php?rest_route=%2Fwp%2Fv2%2Fmedia&parent=20382"}],"wp:term":[{"taxonomy":"category","embeddable":true,"href":"http:\/\/elobservatorio.com.mx\/index.php?rest_route=%2Fwp%2Fv2%2Fcategories&post=20382"},{"taxonomy":"post_tag","embeddable":true,"href":"http:\/\/elobservatorio.com.mx\/index.php?rest_route=%2Fwp%2Fv2%2Ftags&post=20382"}],"curies":[{"name":"wp","href":"https:\/\/api.w.org\/{rel}","templated":true}]}}