{"id":2040,"date":"2019-01-31T03:51:04","date_gmt":"2019-01-31T03:51:04","guid":{"rendered":"http:\/\/elobservatorio.com.mx\/reconoce-la-ip-convenio-colima-sct-para-mejorar-operacion-del-puerto-de-manzanillo"},"modified":"2019-01-31T03:51:04","modified_gmt":"2019-01-31T03:51:04","slug":"reconoce-la-ip-convenio-colima-sct-para-mejorar-operacion-del-puerto-de-manzanillo","status":"publish","type":"post","link":"http:\/\/elobservatorio.com.mx\/?p=2040","title":{"rendered":"Reconoce la IP convenio Colima &#8211; SCT para mejorar operaci\u00f3n del Puerto de Manzanillo"},"content":{"rendered":"<p><em>*Celebra inicio de transformaci\u00f3n de puertos mar\u00edtimos<\/em><\/p>\n<p>Con el convenio firmado entre el gobierno de Colima y la SCT para mejorar la operaci\u00f3n del Puerto de Manzanillo, arranc\u00f3 la transformaci\u00f3n de los puertos mar\u00edtimos de carga del pa\u00eds, afirm\u00f3 el vicepresidente de la Concanaco, Octavio de la Torre.<\/p>\n<p>El representante de la Confederaci\u00f3n de C\u00e1maras Nacionales de Comercio (Concanaco) sostuvo que estas acciones tendr\u00e1n un impacto positivo para el impulso del comercio exterior mexicano en los pr\u00f3ximos a\u00f1os.<\/p>\n<p>El tambi\u00e9n presidente de TLC Asociados precis\u00f3 que el corporativo tuvo la oportunidad de trabajar en el desarrollo del proyecto y la estrategia para implementar acciones en la log\u00edstica, a fin de eficientizar el movimiento de carga y lograr que se convierta en un Recinto Fiscalizado Estrat\u00e9gico.<\/p>\n<p>En entrevista con Notimex, a\u00f1adi\u00f3 que la finalidad es lograr que ambas partes contribuyan a hacer m\u00e1s eficaz la circulaci\u00f3n de la carga en el puerto, rehabilitando la capacidad instalada actual, que generar\u00e1 una mejora del 20 por ciento de las operaciones del recinto portuario.<\/p>\n<p>El proyecto, indic\u00f3, pretende implementar mejoras en la log\u00edstica del Puerto de Manzanillo, a fin de eficientizar el movimiento de carga y aprovechar la infraestructura, certificaciones y tecnolog\u00eda, con una adecuada implementaci\u00f3n.<\/p>\n<p>De esta forma, se pretende que tanto el gobierno federal como el estatal gestionen recursos materiales y humanos existentes, con la finalidad de volver m\u00e1s eficaz la circulaci\u00f3n de la carga en el puerto.<\/p>\n<p>Dijo que tambi\u00e9n se busca actualizar la pol\u00edtica p\u00fablica de la regi\u00f3n en colaboraci\u00f3n con las partes involucradas, para detonar mayor integraci\u00f3n de procesos para transformaci\u00f3n en Colima y espacios de exhibici\u00f3n de productos nacionales para la exportaci\u00f3n dentro de los Recintos Fiscalizados Estrat\u00e9gicos.<\/p>\n<p>Octavio de la Torre precis\u00f3 que mediante el convenio se acord\u00f3 solicitar la homologaci\u00f3n de los sistemas de IT de los puertos con el SAT, con el objetivo de que la plataforma del Puerto de Manzanillo y la de las otras aduanas est\u00e9n en comunicaci\u00f3n y cuenten con informaci\u00f3n anticipada, facilitando el an\u00e1lisis de riesgo, haciendo m\u00e1s \u00e1gil el traslado de bienes para entrar y salir de territorio nacional.<\/p>\n<p>Detall\u00f3 que recientemente se realiz\u00f3 un encuentro en el que participaron los organismos, p\u00fablicos y privados, que se benefician de las actividades del Puerto de Manzanillo, para que sumen esfuerzos en la gesti\u00f3n de los recursos, pues se pretende hacer m\u00e1s eficiente las operaciones del movimiento de carga que se da en esa zona.<\/p>\n","protected":false},"excerpt":{"rendered":"<p>*Celebra inicio de transformaci\u00f3n de puertos mar\u00edtimos Con el convenio firmado entre el gobierno de Colima y la SCT para mejorar la operaci\u00f3n del Puerto de Manzanillo, arranc\u00f3 la transformaci\u00f3n de los puertos mar\u00edtimos de carga del pa\u00eds, afirm\u00f3 el vicepresidente de la Concanaco, Octavio de la Torre. El representante de la Confederaci\u00f3n de C\u00e1maras&#8230;<\/p>\n","protected":false},"author":2,"featured_media":2041,"comment_status":"open","ping_status":"open","sticky":false,"template":"","format":"standard","meta":{"footnotes":""},"categories":[17],"tags":[29,30,28],"class_list":["post-2040","post","type-post","status-publish","format-standard","has-post-thumbnail","hentry","category-economia-y-negocios","tag-grid","tag-news","tag-slider"],"_links":{"self":[{"href":"http:\/\/elobservatorio.com.mx\/index.php?rest_route=\/wp\/v2\/posts\/2040"}],"collection":[{"href":"http:\/\/elobservatorio.com.mx\/index.php?rest_route=\/wp\/v2\/posts"}],"about":[{"href":"http:\/\/elobservatorio.com.mx\/index.php?rest_route=\/wp\/v2\/types\/post"}],"author":[{"embeddable":true,"href":"http:\/\/elobservatorio.com.mx\/index.php?rest_route=\/wp\/v2\/users\/2"}],"replies":[{"embeddable":true,"href":"http:\/\/elobservatorio.com.mx\/index.php?rest_route=%2Fwp%2Fv2%2Fcomments&post=2040"}],"version-history":[{"count":0,"href":"http:\/\/elobservatorio.com.mx\/index.php?rest_route=\/wp\/v2\/posts\/2040\/revisions"}],"wp:featuredmedia":[{"embeddable":true,"href":"http:\/\/elobservatorio.com.mx\/index.php?rest_route=\/wp\/v2\/media\/2041"}],"wp:attachment":[{"href":"http:\/\/elobservatorio.com.mx\/index.php?rest_route=%2Fwp%2Fv2%2Fmedia&parent=2040"}],"wp:term":[{"taxonomy":"category","embeddable":true,"href":"http:\/\/elobservatorio.com.mx\/index.php?rest_route=%2Fwp%2Fv2%2Fcategories&post=2040"},{"taxonomy":"post_tag","embeddable":true,"href":"http:\/\/elobservatorio.com.mx\/index.php?rest_route=%2Fwp%2Fv2%2Ftags&post=2040"}],"curies":[{"name":"wp","href":"https:\/\/api.w.org\/{rel}","templated":true}]}}