{"id":20496,"date":"2022-01-24T10:11:11","date_gmt":"2022-01-24T16:11:11","guid":{"rendered":"http:\/\/elobservatorio.com.mx\/?p=20496"},"modified":"2022-01-24T10:11:11","modified_gmt":"2022-01-24T16:11:11","slug":"en-100-dias-contigo-hemos-recuperado-los-servicios-publicos-margarita-moreno","status":"publish","type":"post","link":"http:\/\/elobservatorio.com.mx\/?p=20496","title":{"rendered":"En 100 d\u00edas Contigo hemos recuperado los servicios p\u00fablicos: Margarita Moreno"},"content":{"rendered":"<p class=\"x_MsoNormal\">*Se logr\u00f3 restablecer la recolecci\u00f3n de basura, ramas y cacharros; se recuperaron el programa de Desayunos Escolares y se han recuperado parques, jardines y calles en situaci\u00f3n de abandono.<\/p>\n<p class=\"x_MsoNormal\">Teniendo como prioridad mejorar la prestaci\u00f3n de servicios p\u00fablicos a las y los colimenses, la presidenta municipal, Margarita Moreno, cumple sus primeros 100 d\u00edas de trabajo al frente del Ayuntamiento de Colima, periodo en el que ha sido posible atender el rezago en la limpieza en espacios p\u00fablicos, as\u00ed como solucionar el problema de recolecci\u00f3n de basura que aquejaba a la poblaci\u00f3n.<\/p>\n<p class=\"x_MsoNormal\">Mediante un video difundido en sus redes sociales,\u00a0\u00a0como un ejercicio de transparencia, Margarita Moreno asegur\u00f3 que desde el primer d\u00eda de su administraci\u00f3n, se ha puesto manos a la obra para tener el municipio limpio y ordenado, con servicios p\u00fablicos de calidad y una respuesta oportuna por parte del Ayuntamiento a las necesidades de la poblaci\u00f3n.<\/p>\n<p class=\"x_MsoNormal\">Al hacer el recuento de las acciones, record\u00f3 que al inicio de su gobierno enfrent\u00f3 un grave problema con la recolecci\u00f3n de basura, pues m\u00e1s de 25 camiones estaban inservibles, lo que se resolvi\u00f3 con la adquisici\u00f3n de 5 unidades nuevas con las que regulariz\u00f3 al 100 por ciento la recolecci\u00f3n de basura en todo el municipio.<\/p>\n<p class=\"x_MsoNormal\">Para consolidar un Colima limpio durante estos 100 se impuls\u00f3 la atenci\u00f3n de reportes de la poblaci\u00f3n, que van desde recolecci\u00f3n de ramas, hasta podas de jardines, sin contar las brigadas de limpieza que constantemente trabajan para lograr la ciudad que merecen las y los colimenses; de la misma manera que se han realizado 12 obras completas de rehabilitaci\u00f3n de calles y espacios p\u00fablicos.<\/p>\n<p class=\"x_MsoNormal\">Manifest\u00f3 que en su gobierno se avanza en la transici\u00f3n focos LED, que ahorran gastos en energ\u00eda y dan una ciudad mejor iluminada, al tiempo de que se innovan nuevos programas como \u201cTalacheando Contigo\u201d, cuyos trabajos complementan los servicios de mantenimiento de jardines y espacios p\u00fablicos.<\/p>\n<p class=\"x_MsoNormal\">En este mismo rubro, inform\u00f3 que se han definido las primeras acciones de lo que ser\u00e1 la transformaci\u00f3n del Centro de Control Canino y Felino, promoviendo la convocatoria \u201cSaca a pasear a un amigo\u201d, en el que familias enteras colaboran en dar paseos a los animalitos en situaci\u00f3n de resguardo.<\/p>\n<p class=\"x_MsoNormal\">Record\u00f3 que a menos de un mes de trabajo fue posible recuperar la operaci\u00f3n del programa de Desayunos Escolares, al mismo tiempo que, para el eje \u201cColima Humano\u201d, se reforz\u00f3 la entrega de apoyos a grupos vulnerables como: madres solteras, adultos mayores, personas con alguna enfermedad cr\u00f3nica, discapacidad, as\u00ed como la reapertura de las puertas al Parque Hidalgo a las y los adultos mayores a trav\u00e9s del DIF Municipal.<\/p>\n<p class=\"x_MsoNormal\">Aunado a esto, destac\u00f3 los subsidios para algunos tr\u00e1mites, a trav\u00e9s del programa \u201cMatrimonios Contigo\u201d, donde se apoya con el gasto de los tr\u00e1mites matrimoniales a la par de la realizaci\u00f3n de enlaces matrimoniales en Casa del Archivo, as\u00ed como la simplificaci\u00f3n de tr\u00e1mites para el pago del predial y la implementaci\u00f3n de \u201cNo es normal, pide apoyo\u201d, campa\u00f1a para erradicar la violencia contra la mujer, as\u00ed como el respaldo a grupos art\u00edsticos para que difundieran su trabajo en las comunidades y colonias de la ciudad.<\/p>\n<p class=\"x_MsoNormal\">Asimismo, asegur\u00f3 la presidenta municipal, se ha asumido un gobierno para construir un Colima Pr\u00f3spero, al promover el consumo local durante la temporada decembrina a cientos de comerciantes y que as\u00ed pudieran vender en el centro de nuestra ciudad, movilizando el comercio.<\/p>\n<p class=\"x_MsoNormal\">Resalt\u00f3 las reuniones que constantemente se celebran con empresarios locales, a quienes se les escucha para trabajar proyectos de \u00edndole social, adem\u00e1s de mantener una vinculaci\u00f3n directa con las 26 comunidades del municipio, llevando brigadas m\u00e9dicas, de activaci\u00f3n f\u00edsica y espect\u00e1culos art\u00edsticos.<\/p>\n<p class=\"x_MsoNormal\">Para un Colima ordenado, Margarita Moreno, enfatiz\u00f3 el respaldo hacia la polic\u00eda municipal, a cuyos elementos se les ha entregado equipamiento nuevo, revalorando su trabajo, tras anunciar que por primera vez una administraci\u00f3n contempla ascensos, adem\u00e1s de articular un trabajo de seguridad cercano a las y los vecinos bajo la coordinaci\u00f3n de la gobernadora Indira Vizca\u00edno y el respaldo el Ayuntamiento en el \u00e1mbito de sus atribuciones.<\/p>\n<p class=\"x_MsoNormal\">En este sentido, se ha logrado impulsar obras y acciones para la recuperaci\u00f3n de vialidades de alto flujo vehicular, como lo es la repavimentaci\u00f3n de la calle Gregorio Torres Quintero en el centro de la Ciudad y de la calle Mariano Arista, que ten\u00eda m\u00e1s de 10 a\u00f1os sin una atenci\u00f3n profunda, propiciando una mejor movilidad.<\/p>\n<p class=\"x_MsoNormal\">Las comunidades rurales han sido importantes para el Ayuntamiento de Colima, haciendo posible realizar brigadas m\u00e9dicas a trav\u00e9s del DIF Municipal, la alianza con productores rurales, que hace posible la entrega de fruta en barrios y colonias, as\u00ed como el anuncio de la rehabilitaci\u00f3n de 90 kil\u00f3metros de caminos sacacosechas de las 28 comunidades.<\/p>\n<p class=\"x_MsoNormal\">Margarita Moreno ponder\u00f3 la construcci\u00f3n de alianzas que permiten implementar las mejores pol\u00edticas p\u00fablicas, como la experiencia de la Asociaci\u00f3n de Ciudades Capitales de M\u00e9xico y el reconocimiento a Colima como una ciudad amiga de la infancia, donde tambi\u00e9n se hace la promoci\u00f3n tur\u00edstica a extranjeros, recibiendo estos meses a las y los visitantes de varios cruceros tur\u00edsticos.<\/p>\n<p class=\"x_MsoNormal\">La presidenta municipal finaliz\u00f3 su mensaje en video asegurando que as\u00ed como estos 100 d\u00edas han sido de resultados y trabajo, \u201cseguiremos poniendo Manos a La Obra Contigo, y por ti\u201d, al afirmar que se seguir\u00e1 trabajando desde el Ayuntamiento de Colima con la misma intensidad para cumplir a las y los colimenses con la meta de tener un municipio m\u00e1s limpio y ordenado, m\u00e1s pr\u00f3spero y, principalmente, m\u00e1s humano.<\/p>\n","protected":false},"excerpt":{"rendered":"<p>*Se logr\u00f3 restablecer la recolecci\u00f3n de basura, ramas y cacharros; se recuperaron el programa de Desayunos Escolares y se han recuperado parques, jardines y calles en situaci\u00f3n de abandono. Teniendo como prioridad mejorar la prestaci\u00f3n de servicios p\u00fablicos a las y los colimenses, la presidenta municipal, Margarita Moreno, cumple sus primeros 100 d\u00edas de trabajo&#8230;<\/p>\n","protected":false},"author":2,"featured_media":20497,"comment_status":"open","ping_status":"open","sticky":false,"template":"","format":"standard","meta":{"footnotes":""},"categories":[36,8],"tags":[29,30,28],"class_list":["post-20496","post","type-post","status-publish","format-standard","has-post-thumbnail","hentry","category-colima","category-municipios","tag-grid","tag-news","tag-slider"],"_links":{"self":[{"href":"http:\/\/elobservatorio.com.mx\/index.php?rest_route=\/wp\/v2\/posts\/20496"}],"collection":[{"href":"http:\/\/elobservatorio.com.mx\/index.php?rest_route=\/wp\/v2\/posts"}],"about":[{"href":"http:\/\/elobservatorio.com.mx\/index.php?rest_route=\/wp\/v2\/types\/post"}],"author":[{"embeddable":true,"href":"http:\/\/elobservatorio.com.mx\/index.php?rest_route=\/wp\/v2\/users\/2"}],"replies":[{"embeddable":true,"href":"http:\/\/elobservatorio.com.mx\/index.php?rest_route=%2Fwp%2Fv2%2Fcomments&post=20496"}],"version-history":[{"count":0,"href":"http:\/\/elobservatorio.com.mx\/index.php?rest_route=\/wp\/v2\/posts\/20496\/revisions"}],"wp:featuredmedia":[{"embeddable":true,"href":"http:\/\/elobservatorio.com.mx\/index.php?rest_route=\/wp\/v2\/media\/20497"}],"wp:attachment":[{"href":"http:\/\/elobservatorio.com.mx\/index.php?rest_route=%2Fwp%2Fv2%2Fmedia&parent=20496"}],"wp:term":[{"taxonomy":"category","embeddable":true,"href":"http:\/\/elobservatorio.com.mx\/index.php?rest_route=%2Fwp%2Fv2%2Fcategories&post=20496"},{"taxonomy":"post_tag","embeddable":true,"href":"http:\/\/elobservatorio.com.mx\/index.php?rest_route=%2Fwp%2Fv2%2Ftags&post=20496"}],"curies":[{"name":"wp","href":"https:\/\/api.w.org\/{rel}","templated":true}]}}