{"id":20499,"date":"2022-01-24T10:35:17","date_gmt":"2022-01-24T16:35:17","guid":{"rendered":"http:\/\/elobservatorio.com.mx\/?p=20499"},"modified":"2022-01-24T10:35:17","modified_gmt":"2022-01-24T16:35:17","slug":"se-integra-la-comision-permanente-en-el-pan-colima","status":"publish","type":"post","link":"http:\/\/elobservatorio.com.mx\/?p=20499","title":{"rendered":"Se integra la Comisi\u00f3n Permanente en el PAN Colima"},"content":{"rendered":"<p>Como parte de los trabajos de la nueva dirigencia Estatal del Partido Acci\u00f3n Nacional en Colima, que preside Julia Jim\u00e9nez, este fin de semana se realiz\u00f3 en sesi\u00f3n extraordinaria la aprobaci\u00f3n de 30 integrantes que formar\u00e1n la comisi\u00f3n permanente del Consejo Estatal.<\/p>\n<p>La sesi\u00f3n fue celebrada en el auditorio del Comit\u00e9 Directivo Estatal, con la participaci\u00f3n de las y los Consejeros Estatales, quienes aprobaron por unanimidad a 20 integrantes que fueron propuesta de la presidenta y a 10 integrantes m\u00e1s de la misma por elecci\u00f3n.<\/p>\n<p>Asimismo, se aprob\u00f3 por unanimidad al titular de la tesorer\u00eda Estatal, Francisco Silva Rodr\u00edguez; propuesta que fue presentada por la Presidencia.\u00a0 Para finalizar el orden del d\u00eda, la presidenta Julia Jim\u00e9nez declar\u00f3 clausurada la sesi\u00f3n, misma que tambi\u00e9n fue presid\u00eda por el secretario general Francisco Santana Roldan.<\/p>\n","protected":false},"excerpt":{"rendered":"<p>Como parte de los trabajos de la nueva dirigencia Estatal del Partido Acci\u00f3n Nacional en Colima, que preside Julia Jim\u00e9nez, este fin de semana se realiz\u00f3 en sesi\u00f3n extraordinaria la aprobaci\u00f3n de 30 integrantes que formar\u00e1n la comisi\u00f3n permanente del Consejo Estatal. La sesi\u00f3n fue celebrada en el auditorio del Comit\u00e9 Directivo Estatal, con la&#8230;<\/p>\n","protected":false},"author":2,"featured_media":20500,"comment_status":"open","ping_status":"open","sticky":false,"template":"","format":"standard","meta":{"footnotes":""},"categories":[10],"tags":[29,30,28],"class_list":["post-20499","post","type-post","status-publish","format-standard","has-post-thumbnail","hentry","category-politica","tag-grid","tag-news","tag-slider"],"_links":{"self":[{"href":"http:\/\/elobservatorio.com.mx\/index.php?rest_route=\/wp\/v2\/posts\/20499"}],"collection":[{"href":"http:\/\/elobservatorio.com.mx\/index.php?rest_route=\/wp\/v2\/posts"}],"about":[{"href":"http:\/\/elobservatorio.com.mx\/index.php?rest_route=\/wp\/v2\/types\/post"}],"author":[{"embeddable":true,"href":"http:\/\/elobservatorio.com.mx\/index.php?rest_route=\/wp\/v2\/users\/2"}],"replies":[{"embeddable":true,"href":"http:\/\/elobservatorio.com.mx\/index.php?rest_route=%2Fwp%2Fv2%2Fcomments&post=20499"}],"version-history":[{"count":0,"href":"http:\/\/elobservatorio.com.mx\/index.php?rest_route=\/wp\/v2\/posts\/20499\/revisions"}],"wp:featuredmedia":[{"embeddable":true,"href":"http:\/\/elobservatorio.com.mx\/index.php?rest_route=\/wp\/v2\/media\/20500"}],"wp:attachment":[{"href":"http:\/\/elobservatorio.com.mx\/index.php?rest_route=%2Fwp%2Fv2%2Fmedia&parent=20499"}],"wp:term":[{"taxonomy":"category","embeddable":true,"href":"http:\/\/elobservatorio.com.mx\/index.php?rest_route=%2Fwp%2Fv2%2Fcategories&post=20499"},{"taxonomy":"post_tag","embeddable":true,"href":"http:\/\/elobservatorio.com.mx\/index.php?rest_route=%2Fwp%2Fv2%2Ftags&post=20499"}],"curies":[{"name":"wp","href":"https:\/\/api.w.org\/{rel}","templated":true}]}}