{"id":20539,"date":"2022-01-25T15:47:43","date_gmt":"2022-01-25T21:47:43","guid":{"rendered":"http:\/\/elobservatorio.com.mx\/?p=20539"},"modified":"2022-01-25T15:47:43","modified_gmt":"2022-01-25T21:47:43","slug":"condenan-a-el-chapo-a-cadena-perpetua","status":"publish","type":"post","link":"http:\/\/elobservatorio.com.mx\/?p=20539","title":{"rendered":"Condenan a \u00abEl Chapo\u00bb a cadena perpetua"},"content":{"rendered":"<p><em>*El Tribunal de Apelaciones de Estados Unidos desestim\u00f3 varios argumentos presentados por los abogados del\u00a0 narcotraficante\u00a0<\/em><\/p>\n<p>El Tribunal de Apelaciones de Estados Unidos confirm\u00f3 la ma\u00f1ana de este martes la condena a cadena perpetua al ex l\u00edder del c\u00e1rtel de Sinaloa, Joaqu\u00edn \u201cEl Chapo\u201d Guzm\u00e1n por delitos relacionados con el narcotr\u00e1fico.<\/p>\n<p>Seg\u00fan reportan algunos medios internacionales, el Tribunal desestim\u00f3 varios argumentos que \u201cEl Chapo\u201d present\u00f3 para que se revocara su condena, al argumentar que algunos miembros del jurado adoptaron la protecci\u00f3n de los medios de comunicaci\u00f3n del juicio, y mintieron al juez de distrito.<\/p>\n<p>Guzm\u00e1n exig\u00eda la anulaci\u00f3n de la condena que se le impuso y la repetici\u00f3n de su juicio, alegando principalmente que\u00a0fue tratado de forma inhumana durante su encarcelamiento\u00a0e insistiendo que el jurado incumpli\u00f3 y viol\u00f3 la normativa que se le impuso, y por tanto, su decisi\u00f3n no puede ser v\u00e1lida.<\/p>\n<p>La defensa argumentaba el \u00abtrato inhumano\u00bb que recibi\u00f3 su cliente en la c\u00e1rcel antes y durante el juicio, y el explosivo reporte de Vice News en el que un miembro del jurado, amparado en el anonimato, aseguraba que hab\u00eda violado la regla de no consultar medios de comunicaci\u00f3n ni redes sociales durante el proceso judicial.<\/p>\n<p>Sin embargo, la Corte de Apelaciones determin\u00f3 que \u00abninguno\u00bb de los argumentos de la defensa del l\u00edder del C\u00e1rtel de Sinaloa \u00abtiene m\u00e9rito\u00bb y por tanto reafirm\u00f3 la sentencia.<\/p>\n","protected":false},"excerpt":{"rendered":"<p>*El Tribunal de Apelaciones de Estados Unidos desestim\u00f3 varios argumentos presentados por los abogados del\u00a0 narcotraficante\u00a0 El Tribunal de Apelaciones de Estados Unidos confirm\u00f3 la ma\u00f1ana de este martes la condena a cadena perpetua al ex l\u00edder del c\u00e1rtel de Sinaloa, Joaqu\u00edn \u201cEl Chapo\u201d Guzm\u00e1n por delitos relacionados con el narcotr\u00e1fico. Seg\u00fan reportan algunos medios&#8230;<\/p>\n","protected":false},"author":2,"featured_media":20540,"comment_status":"open","ping_status":"open","sticky":false,"template":"","format":"standard","meta":{"footnotes":""},"categories":[13],"tags":[29,30,28],"class_list":["post-20539","post","type-post","status-publish","format-standard","has-post-thumbnail","hentry","category-nacion-y-mundo","tag-grid","tag-news","tag-slider"],"_links":{"self":[{"href":"http:\/\/elobservatorio.com.mx\/index.php?rest_route=\/wp\/v2\/posts\/20539"}],"collection":[{"href":"http:\/\/elobservatorio.com.mx\/index.php?rest_route=\/wp\/v2\/posts"}],"about":[{"href":"http:\/\/elobservatorio.com.mx\/index.php?rest_route=\/wp\/v2\/types\/post"}],"author":[{"embeddable":true,"href":"http:\/\/elobservatorio.com.mx\/index.php?rest_route=\/wp\/v2\/users\/2"}],"replies":[{"embeddable":true,"href":"http:\/\/elobservatorio.com.mx\/index.php?rest_route=%2Fwp%2Fv2%2Fcomments&post=20539"}],"version-history":[{"count":0,"href":"http:\/\/elobservatorio.com.mx\/index.php?rest_route=\/wp\/v2\/posts\/20539\/revisions"}],"wp:featuredmedia":[{"embeddable":true,"href":"http:\/\/elobservatorio.com.mx\/index.php?rest_route=\/wp\/v2\/media\/20540"}],"wp:attachment":[{"href":"http:\/\/elobservatorio.com.mx\/index.php?rest_route=%2Fwp%2Fv2%2Fmedia&parent=20539"}],"wp:term":[{"taxonomy":"category","embeddable":true,"href":"http:\/\/elobservatorio.com.mx\/index.php?rest_route=%2Fwp%2Fv2%2Fcategories&post=20539"},{"taxonomy":"post_tag","embeddable":true,"href":"http:\/\/elobservatorio.com.mx\/index.php?rest_route=%2Fwp%2Fv2%2Ftags&post=20539"}],"curies":[{"name":"wp","href":"https:\/\/api.w.org\/{rel}","templated":true}]}}