{"id":20545,"date":"2022-01-25T17:24:36","date_gmt":"2022-01-25T23:24:36","guid":{"rendered":"http:\/\/elobservatorio.com.mx\/?p=20545"},"modified":"2022-01-25T17:24:36","modified_gmt":"2022-01-25T23:24:36","slug":"ayuntamiento-de-colima-rescata-espacios-publicos-y-promueve-un-desarrollo-sustentable","status":"publish","type":"post","link":"http:\/\/elobservatorio.com.mx\/?p=20545","title":{"rendered":"Ayuntamiento de Colima rescata espacios p\u00fablicos y promueve un desarrollo sustentable"},"content":{"rendered":"<p class=\"x_MsoNormal\"><em>*Se han creado programas espec\u00edficos para seguir trabajando por un Colima limpio<\/em><\/p>\n<p class=\"x_MsoNormal\">El Ayuntamiento de Colima que encabeza Margarita Moreno, desde que inici\u00f3 su administraci\u00f3n, cre\u00f3 la acci\u00f3n de trabajo colectivo \u201cTalacheando contigo\u201d, donde directivos y mandos del Ayuntamiento realizan labores de limpieza y embellecimiento de los espacios p\u00fablicos, atendiendo la demanda de la poblaci\u00f3n de este servicio y cumpliendo as\u00ed con el eje de un Colima limpio, establecido en el Plan Municipal de Desarrollo 2021-2024.<\/p>\n<p class=\"x_MsoNormal\">La presidenta municipal ha encabezado estos trabajos, realizados en comunidades y en la zona urbana de la capital, en los espacios m\u00e1s marginados, con el objetivo de generar un entorno agradable, sano y atractivo, que impulse el sentido de pertenencia de la poblaci\u00f3n de estos espacios p\u00fablicos y su cuidado.<\/p>\n<p class=\"x_MsoNormal\">De esa forma, con bases s\u00f3lidas, se contribuye desde el \u00e1mbito de atribuciones del municipio\u00a0\u00a0para revertir el deterioro del medio ambiente y los espacios p\u00fablicos, promoviendo la apropiaci\u00f3n ciudadana de todos los componentes de la ciudad y las comunidades, as\u00ed como una cultura de responsabilidad en su preservaci\u00f3n.<\/p>\n<p class=\"x_MsoNormal\">El gobierno municipal de Margarita Moreno busca garantizar las condiciones que permitan ofrecer un entorno limpio en el municipio y crea estrategias para fomentar un medio ambiente sostenible, para conseguir un Colima limpio y agradable, del que todas y todos nos sintamos orgullosos.<\/p>\n<p class=\"x_MsoNormal\">Para eso, los programas y acciones en el mantenimiento de espacios p\u00fablicos se articulan desde una perspectiva paisaj\u00edstica, de salud p\u00fablica y de la dignidad de vida, pues as\u00ed se dinamizan relaciones de sinergia interinstitucional para garantizar el cuidado permanente de v\u00edas p\u00fablicas y la integraci\u00f3n de la ciudadan\u00eda en una nueva forma de relacionarse con el ambiente<\/p>\n<p class=\"x_MsoNormal\">En cada l\u00ednea de acci\u00f3n del ayuntamiento de Colima, en materia de infraestructura y desarrollo, se hace frente enfrenta al reto de la humanidad para adaptarse a los cambios en el medio ambiente y, al mismo tiempo, contribuir a detener la degradaci\u00f3n de los ecosistemas y la contaminaci\u00f3n en todas sus formas, modernizando las herramientas de regulaci\u00f3n, recolecci\u00f3n y manejo de los residuos que permitan el desarrollo social y econ\u00f3mico sostenible del municipio.<\/p>\n<p>&nbsp;<\/p>\n","protected":false},"excerpt":{"rendered":"<p>*Se han creado programas espec\u00edficos para seguir trabajando por un Colima limpio El Ayuntamiento de Colima que encabeza Margarita Moreno, desde que inici\u00f3 su administraci\u00f3n, cre\u00f3 la acci\u00f3n de trabajo colectivo \u201cTalacheando contigo\u201d, donde directivos y mandos del Ayuntamiento realizan labores de limpieza y embellecimiento de los espacios p\u00fablicos, atendiendo la demanda de la poblaci\u00f3n&#8230;<\/p>\n","protected":false},"author":2,"featured_media":20546,"comment_status":"open","ping_status":"open","sticky":false,"template":"","format":"standard","meta":{"footnotes":""},"categories":[36,8],"tags":[29,30,28],"class_list":["post-20545","post","type-post","status-publish","format-standard","has-post-thumbnail","hentry","category-colima","category-municipios","tag-grid","tag-news","tag-slider"],"_links":{"self":[{"href":"http:\/\/elobservatorio.com.mx\/index.php?rest_route=\/wp\/v2\/posts\/20545"}],"collection":[{"href":"http:\/\/elobservatorio.com.mx\/index.php?rest_route=\/wp\/v2\/posts"}],"about":[{"href":"http:\/\/elobservatorio.com.mx\/index.php?rest_route=\/wp\/v2\/types\/post"}],"author":[{"embeddable":true,"href":"http:\/\/elobservatorio.com.mx\/index.php?rest_route=\/wp\/v2\/users\/2"}],"replies":[{"embeddable":true,"href":"http:\/\/elobservatorio.com.mx\/index.php?rest_route=%2Fwp%2Fv2%2Fcomments&post=20545"}],"version-history":[{"count":0,"href":"http:\/\/elobservatorio.com.mx\/index.php?rest_route=\/wp\/v2\/posts\/20545\/revisions"}],"wp:featuredmedia":[{"embeddable":true,"href":"http:\/\/elobservatorio.com.mx\/index.php?rest_route=\/wp\/v2\/media\/20546"}],"wp:attachment":[{"href":"http:\/\/elobservatorio.com.mx\/index.php?rest_route=%2Fwp%2Fv2%2Fmedia&parent=20545"}],"wp:term":[{"taxonomy":"category","embeddable":true,"href":"http:\/\/elobservatorio.com.mx\/index.php?rest_route=%2Fwp%2Fv2%2Fcategories&post=20545"},{"taxonomy":"post_tag","embeddable":true,"href":"http:\/\/elobservatorio.com.mx\/index.php?rest_route=%2Fwp%2Fv2%2Ftags&post=20545"}],"curies":[{"name":"wp","href":"https:\/\/api.w.org\/{rel}","templated":true}]}}