{"id":20548,"date":"2022-01-25T18:04:06","date_gmt":"2022-01-26T00:04:06","guid":{"rendered":"http:\/\/elobservatorio.com.mx\/?p=20548"},"modified":"2022-01-25T18:04:06","modified_gmt":"2022-01-26T00:04:06","slug":"urge-cdhec-al-gobierno-estatal-aplique-medidas-para-evitar-mas-rinas-en-el-cereso","status":"publish","type":"post","link":"http:\/\/elobservatorio.com.mx\/?p=20548","title":{"rendered":"Urge CDHEC al gobierno estatal aplique medidas para evitar m\u00e1s ri\u00f1as en el CERESO"},"content":{"rendered":"<p>La Comisi\u00f3n de Derechos Humanos del Estado de Colima (CDHEC) lamenta profundamente la muerte violenta de 9 internos del Centro de Readaptaci\u00f3n Social (CERESO) de la ciudad de Colima, y espera una pronta recuperaci\u00f3n para quienes resultaron heridos en el hecho violento que se registr\u00f3 esta ma\u00f1ana.<\/p>\n<p>El Organismo Defensor manifiesta su preocupaci\u00f3n ante los acontecimientos registrados y se solidariza con las familias de los internos muertos. La CDHEC hace un llamado urgente al Estado de Colima para que aplique las medidas necesarias, a fin de evitar hechos similares y recuerda que el estado est\u00e1 obligado en materia de derechos humanos a garantizar la vida e integridad de las personas privadas de su libertad.<\/p>\n<p>Se informa que esta Comisi\u00f3n ha dado apertura al expediente CDHEC\/2V\/031\/2022, en el que se ha solicitado a la Secretar\u00eda de Seguridad P\u00fablica (SSP) estatal, as\u00ed como a la Direcci\u00f3n General de Prevenci\u00f3n y Reinserci\u00f3n Social, remitan los informes integrales de lo sucedido.<\/p>\n<p>La CDHEC reprueba la presencia de un arma de fuego y diversas punzocortantes al interior del CERESO; y defiende el derecho a la verdad que tienen las familias de las personas privadas de su libertad y la sociedad colimense a conocer lo ocurrido.<\/p>\n<p>Se hace un llamado a las autoridades para que compartan informaci\u00f3n a los familiares de los internos sobre su estado de salud, ya que la incertidumbre en la que se encuentran es agobiante y desesperante; por lo que se propone la creaci\u00f3n de una comisi\u00f3n que se encargue de brindar informaci\u00f3n a quienes acudan a solicitarla.<\/p>\n","protected":false},"excerpt":{"rendered":"<p>La Comisi\u00f3n de Derechos Humanos del Estado de Colima (CDHEC) lamenta profundamente la muerte violenta de 9 internos del Centro de Readaptaci\u00f3n Social (CERESO) de la ciudad de Colima, y espera una pronta recuperaci\u00f3n para quienes resultaron heridos en el hecho violento que se registr\u00f3 esta ma\u00f1ana. El Organismo Defensor manifiesta su preocupaci\u00f3n ante los&#8230;<\/p>\n","protected":false},"author":2,"featured_media":1833,"comment_status":"open","ping_status":"open","sticky":false,"template":"","format":"standard","meta":{"footnotes":""},"categories":[12],"tags":[29,30,28],"class_list":["post-20548","post","type-post","status-publish","format-standard","has-post-thumbnail","hentry","category-sociedad","tag-grid","tag-news","tag-slider"],"_links":{"self":[{"href":"http:\/\/elobservatorio.com.mx\/index.php?rest_route=\/wp\/v2\/posts\/20548"}],"collection":[{"href":"http:\/\/elobservatorio.com.mx\/index.php?rest_route=\/wp\/v2\/posts"}],"about":[{"href":"http:\/\/elobservatorio.com.mx\/index.php?rest_route=\/wp\/v2\/types\/post"}],"author":[{"embeddable":true,"href":"http:\/\/elobservatorio.com.mx\/index.php?rest_route=\/wp\/v2\/users\/2"}],"replies":[{"embeddable":true,"href":"http:\/\/elobservatorio.com.mx\/index.php?rest_route=%2Fwp%2Fv2%2Fcomments&post=20548"}],"version-history":[{"count":0,"href":"http:\/\/elobservatorio.com.mx\/index.php?rest_route=\/wp\/v2\/posts\/20548\/revisions"}],"wp:featuredmedia":[{"embeddable":true,"href":"http:\/\/elobservatorio.com.mx\/index.php?rest_route=\/wp\/v2\/media\/1833"}],"wp:attachment":[{"href":"http:\/\/elobservatorio.com.mx\/index.php?rest_route=%2Fwp%2Fv2%2Fmedia&parent=20548"}],"wp:term":[{"taxonomy":"category","embeddable":true,"href":"http:\/\/elobservatorio.com.mx\/index.php?rest_route=%2Fwp%2Fv2%2Fcategories&post=20548"},{"taxonomy":"post_tag","embeddable":true,"href":"http:\/\/elobservatorio.com.mx\/index.php?rest_route=%2Fwp%2Fv2%2Ftags&post=20548"}],"curies":[{"name":"wp","href":"https:\/\/api.w.org\/{rel}","templated":true}]}}