{"id":20550,"date":"2022-01-25T18:44:05","date_gmt":"2022-01-26T00:44:05","guid":{"rendered":"http:\/\/elobservatorio.com.mx\/?p=20550"},"modified":"2022-01-25T18:44:05","modified_gmt":"2022-01-26T00:44:05","slug":"fundamental-que-convenios-beneficien-a-estudiantes-rector","status":"publish","type":"post","link":"http:\/\/elobservatorio.com.mx\/?p=20550","title":{"rendered":"Fundamental, que convenios beneficien a estudiantes: Rector"},"content":{"rendered":"<p><em>*Este martes firmaron convenio de colaboraci\u00f3n la Universidad de Colima y la Oficina de Representaci\u00f3n de la Secretar\u00eda de Agricultura y Desarrollo Rural del estado de Colima.<\/em><\/p>\n<p><strong>\u00a0<\/strong>Este martes la Universidad de Colima, representada por su rector, el Dr. Christian Jorge Torres Ortiz Zerme\u00f1o y la Oficina de Representaci\u00f3n de la Secretar\u00eda de Agricultura y Desarrollo Rural (SADER) en el estado, a cargo de la Ing. Mar\u00eda Esmeralda L\u00f3pez Mendoza, firmaron un convenio de colaboraci\u00f3n para realizar programas, proyectos y actividades en com\u00fan y generar la transferencia de conocimiento entre ambas instituciones.<\/p>\n<p>Al tomar la palabra, Cristian Torres Ortiz destac\u00f3 \u201cla convicci\u00f3n y voluntad de la Universidad para que la sociedad pueda conocer todas sus bondades y fortalezas, que no se circunscriben s\u00f3lo a los programas acad\u00e9micos, sino que tambi\u00e9n incluyen a otras funciones, como la investigaci\u00f3n y la vinculaci\u00f3n, las cuales son el eje central de este convenio\u201d.<\/p>\n<p>Respecto a las fortalezas con que cuenta la Universidad, el rector destac\u00f3 el recurso humano calificado en las distintas \u00e1reas del conocimiento.<\/p>\n<p>Finalmente, se\u00f1al\u00f3 que para la Universidad \u201ces fundamental que en cada firma de convenio de colaboraci\u00f3n, las y los estudiantes se benefician con la realizaci\u00f3n de su servicio social, las pr\u00e1cticas profesionales y que tengan acceso a los diversos laboratorios naturales afines a su formaci\u00f3n profesional.\u201d<\/p>\n<p>Por su parte, Mar\u00eda Esmeralda L\u00f3pez dijo que \u201cla Universidad siempre ha tenido una relaci\u00f3n de cooperaci\u00f3n con la SADER, pero ahora lo pudimos formalizar\u201d. Coment\u00f3 que la Secretar\u00eda tiene varios organismos descentralizados, \u201cpor lo que creemos que existen muchas \u00e1reas donde la instituci\u00f3n nos puede apoyar, como la elaboraci\u00f3n de proyectos, asesor\u00edas, capacitaci\u00f3n. Por nuestra parte, queremos invitar a los estudiantes a que se acerquen y hagan su servicio social\u201d.<\/p>\n<p>Ella puso como ejemplos de esta ayuda, la elaboraci\u00f3n por parte de la UdeC de los proyectos de viabilidad, necesarios para que los productores consigan financiamiento, lo que abaratar\u00eda sus costos, as\u00ed como la realizaci\u00f3n de parcelas demostrativas en las que se puedan probar fertilizantes biol\u00f3gicos.<\/p>\n<p>Por su parte, el Dr. Carlos Ram\u00edrez Vuelvas, coordinador general de Extensi\u00f3n, dijo que desde el inicio de esta gesti\u00f3n, \u201cel rector ha sido un promotor del di\u00e1logo con la sociedad para generar distintos esquemas y acciones de vinculaci\u00f3n, de acuerdo a las necesidades y problemas presentes en la sociedad\u201d.<\/p>\n<p>\u201cCon la firma de este convenio -se\u00f1al\u00f3- podemos ofrecer a la SADER, de manera institucional, programas de capacitaci\u00f3n, de asistencia t\u00e9cnica, as\u00ed como la presencia institucional en las reuniones de la SADER y coadyuvar a impulsar las pol\u00edticas en materia de desarrollo rural y agricultura del gobierno federal y estatal\u201d.<\/p>\n<p>Tambi\u00e9n estuvieron en la ceremonia Joel Nino, Secretario General de la UdeC; Jos\u00e9 Oswaldo Casillas, titular del \u00e1rea jur\u00eddica en la Oficina de Representaci\u00f3n de la SADER en Colima; Mario Garc\u00eda, Ana Lorena Valdez y Julio Ure\u00f1a, tambi\u00e9n de la SADER, junto con Leobardo George, Abogado General de la UdeC; Jes\u00fas Mart\u00ednez, director general de Servicio Social y Pr\u00e1ctica Profesional; Fernando S\u00e1nchez, director general de Innovaci\u00f3n y Cultura Emprendedora; Javier Solorio, director general de Vinculaci\u00f3n y Omar Brizuela, director general de Educaci\u00f3n Continua.<\/p>\n<p>&nbsp;<\/p>\n<p>&nbsp;<\/p>\n","protected":false},"excerpt":{"rendered":"<p>*Este martes firmaron convenio de colaboraci\u00f3n la Universidad de Colima y la Oficina de Representaci\u00f3n de la Secretar\u00eda de Agricultura y Desarrollo Rural del estado de Colima. \u00a0Este martes la Universidad de Colima, representada por su rector, el Dr. Christian Jorge Torres Ortiz Zerme\u00f1o y la Oficina de Representaci\u00f3n de la Secretar\u00eda de Agricultura y&#8230;<\/p>\n","protected":false},"author":2,"featured_media":20551,"comment_status":"open","ping_status":"open","sticky":false,"template":"","format":"standard","meta":{"footnotes":""},"categories":[14],"tags":[29,30,28],"class_list":["post-20550","post","type-post","status-publish","format-standard","has-post-thumbnail","hentry","category-educacion-y-cultura","tag-grid","tag-news","tag-slider"],"_links":{"self":[{"href":"http:\/\/elobservatorio.com.mx\/index.php?rest_route=\/wp\/v2\/posts\/20550"}],"collection":[{"href":"http:\/\/elobservatorio.com.mx\/index.php?rest_route=\/wp\/v2\/posts"}],"about":[{"href":"http:\/\/elobservatorio.com.mx\/index.php?rest_route=\/wp\/v2\/types\/post"}],"author":[{"embeddable":true,"href":"http:\/\/elobservatorio.com.mx\/index.php?rest_route=\/wp\/v2\/users\/2"}],"replies":[{"embeddable":true,"href":"http:\/\/elobservatorio.com.mx\/index.php?rest_route=%2Fwp%2Fv2%2Fcomments&post=20550"}],"version-history":[{"count":0,"href":"http:\/\/elobservatorio.com.mx\/index.php?rest_route=\/wp\/v2\/posts\/20550\/revisions"}],"wp:featuredmedia":[{"embeddable":true,"href":"http:\/\/elobservatorio.com.mx\/index.php?rest_route=\/wp\/v2\/media\/20551"}],"wp:attachment":[{"href":"http:\/\/elobservatorio.com.mx\/index.php?rest_route=%2Fwp%2Fv2%2Fmedia&parent=20550"}],"wp:term":[{"taxonomy":"category","embeddable":true,"href":"http:\/\/elobservatorio.com.mx\/index.php?rest_route=%2Fwp%2Fv2%2Fcategories&post=20550"},{"taxonomy":"post_tag","embeddable":true,"href":"http:\/\/elobservatorio.com.mx\/index.php?rest_route=%2Fwp%2Fv2%2Ftags&post=20550"}],"curies":[{"name":"wp","href":"https:\/\/api.w.org\/{rel}","templated":true}]}}