{"id":20553,"date":"2022-01-25T20:46:59","date_gmt":"2022-01-26T02:46:59","guid":{"rendered":"http:\/\/elobservatorio.com.mx\/?p=20553"},"modified":"2022-01-25T20:46:59","modified_gmt":"2022-01-26T02:46:59","slug":"recuperan-egresados-de-bachilleratos-21-y-16-sus-practicas-profesionales","status":"publish","type":"post","link":"http:\/\/elobservatorio.com.mx\/?p=20553","title":{"rendered":"Recuperan egresados de bachilleratos 21 y 16 sus pr\u00e1cticas profesionales"},"content":{"rendered":"<p><em>*Las que no pudieron tener de manera presencial debido a la pandemia por COVID-19.<\/em><\/p>\n<p>La asesora pedag\u00f3gica del Bachillerato 21 de la Universidad de Colima, ubicado en Armer\u00eda, Noem\u00ed Covarrubias Salas, dijo en entrevista que los talleres presenciales que se realizan en los bachilleratos universitarios para que las y los j\u00f3venes recuperan la pr\u00e1cticas que se perdieron debido a la pandemia, \u201cson pertinentes porque ahora los estudiantes y quienes han egresado saben c\u00f3mo utilizar instrumentos y el equipamiento esencial del \u00e1rea de An\u00e1lisis Cl\u00ednicos\u201d.<\/p>\n<p>Quienes participaron en estos talleres, explic\u00f3, no hab\u00edan aplicado los conocimientos te\u00f3ricos aprendidos en clases en l\u00ednea; por lo tanto, el Bachillerato 21 invit\u00f3 a sus estudiantes a tomar cinco pr\u00e1cticas de laboratorio, en dos grupos separados, para clasificar y conocer el uso de material de laboratorio, las t\u00e9cnicas para la separaci\u00f3n de sustancias en la purificaci\u00f3n de agua, uso del espectrofot\u00f3metro, cuantificaci\u00f3n de microorganismos del medio ambiente y obtenci\u00f3n de grupos sangu\u00edneos.<\/p>\n<p>En estos dos grupos, participaron 19 mujeres y 13 hombres con pr\u00e1cticas a cargo de los profesores y laboratoristas Alberto Rodr\u00edguez Moya, Antonio Ram\u00edrez Rodr\u00edguez, Elizabeth \u00c1valos Herrera y Jazm\u00edn Mu\u00f1oz Galindo.<\/p>\n<p>Adem\u00e1s, la pedagoga Covarrubias Salas dio a conocer que todos, en el semestre por iniciar, tomar\u00e1n sus pr\u00e1cticas de laboratorio de manera presencial, cuidando el protocolo sanitario de la UdeC.<\/p>\n<p>En entrevista aparte, Salvador Aguilar, responsable de pr\u00e1cticas de la Direcci\u00f3n General de Educaci\u00f3n Media, dijo que quienes egresaron del Bachillerato 16, en Villa de \u00c1lvarez, tambi\u00e9n asistieron a las pr\u00e1cticas que no cursaron durante su paso por este plantel debido a la pandemia por COVID-19.<\/p>\n<p>Destac\u00f3, por \u00faltimo, que esta actividad se realiza en un periodo en que los estudiantes deber\u00edan estar de vacaciones; \u201csin embargo, est\u00e1n en la escuela trabajando y aprendiendo\u201d. En este sentido, reconoci\u00f3 el esfuerzo y apoyo de las y los docentes y del personal de cada plantel, para que puedan llevarse a cabo estas pr\u00e1cticas.<\/p>\n<p>&nbsp;<\/p>\n","protected":false},"excerpt":{"rendered":"<p>*Las que no pudieron tener de manera presencial debido a la pandemia por COVID-19. La asesora pedag\u00f3gica del Bachillerato 21 de la Universidad de Colima, ubicado en Armer\u00eda, Noem\u00ed Covarrubias Salas, dijo en entrevista que los talleres presenciales que se realizan en los bachilleratos universitarios para que las y los j\u00f3venes recuperan la pr\u00e1cticas que&#8230;<\/p>\n","protected":false},"author":2,"featured_media":20554,"comment_status":"open","ping_status":"open","sticky":false,"template":"","format":"standard","meta":{"footnotes":""},"categories":[14],"tags":[29,30,28],"class_list":["post-20553","post","type-post","status-publish","format-standard","has-post-thumbnail","hentry","category-educacion-y-cultura","tag-grid","tag-news","tag-slider"],"_links":{"self":[{"href":"http:\/\/elobservatorio.com.mx\/index.php?rest_route=\/wp\/v2\/posts\/20553"}],"collection":[{"href":"http:\/\/elobservatorio.com.mx\/index.php?rest_route=\/wp\/v2\/posts"}],"about":[{"href":"http:\/\/elobservatorio.com.mx\/index.php?rest_route=\/wp\/v2\/types\/post"}],"author":[{"embeddable":true,"href":"http:\/\/elobservatorio.com.mx\/index.php?rest_route=\/wp\/v2\/users\/2"}],"replies":[{"embeddable":true,"href":"http:\/\/elobservatorio.com.mx\/index.php?rest_route=%2Fwp%2Fv2%2Fcomments&post=20553"}],"version-history":[{"count":0,"href":"http:\/\/elobservatorio.com.mx\/index.php?rest_route=\/wp\/v2\/posts\/20553\/revisions"}],"wp:featuredmedia":[{"embeddable":true,"href":"http:\/\/elobservatorio.com.mx\/index.php?rest_route=\/wp\/v2\/media\/20554"}],"wp:attachment":[{"href":"http:\/\/elobservatorio.com.mx\/index.php?rest_route=%2Fwp%2Fv2%2Fmedia&parent=20553"}],"wp:term":[{"taxonomy":"category","embeddable":true,"href":"http:\/\/elobservatorio.com.mx\/index.php?rest_route=%2Fwp%2Fv2%2Fcategories&post=20553"},{"taxonomy":"post_tag","embeddable":true,"href":"http:\/\/elobservatorio.com.mx\/index.php?rest_route=%2Fwp%2Fv2%2Ftags&post=20553"}],"curies":[{"name":"wp","href":"https:\/\/api.w.org\/{rel}","templated":true}]}}