{"id":20625,"date":"2022-01-27T13:34:50","date_gmt":"2022-01-27T19:34:50","guid":{"rendered":"http:\/\/elobservatorio.com.mx\/?p=20625"},"modified":"2022-01-27T13:34:50","modified_gmt":"2022-01-27T19:34:50","slug":"acuerdan-agenda-cultural-conjunta-para-cuauhtemoc","status":"publish","type":"post","link":"http:\/\/elobservatorio.com.mx\/?p=20625","title":{"rendered":"Acuerdan agenda cultural conjunta para Cuauht\u00e9moc"},"content":{"rendered":"<p class=\"x_gmail-MsoNoSpacing\"><i>*Sostuvieron reuni\u00f3n de trabajo la alcaldesa Gabriela Mej\u00eda y el subsecretario Emiliano Zizumbo.<\/i><\/p>\n<p class=\"x_gmail-MsoNoSpacing\">La presidenta municipal de Cuauht\u00e9moc, Gabriela Mej\u00eda Mart\u00ednez, sostuvo una reuni\u00f3n de trabajo con el subsecretario de Cultura del Gobierno del Estado, Emiliano Zizumbo Quintanilla, para iniciar los trabajos de una agenda cultural que pueda desarrollarse en el municipio.<\/p>\n<p class=\"x_gmail-MsoNoSpacing\">En el encuentro celebrado en las oficinas de la dependencia estatal, la alcaldesa dijo estar segura de que las actividades culturales son parte esencial en la vida de ni\u00f1os, ni\u00f1as y j\u00f3venes, por ello su gobierno est\u00e1 comprometido a facilitar la pr\u00e1ctica de las diferentes manifestaciones art\u00edsticas como eje central de su desarrollo.<\/p>\n<p class=\"x_gmail-MsoNoSpacing\">Lament\u00f3 que en los \u00faltimos a\u00f1os en Cuauht\u00e9moc se hayan dejado a un lado las actividades culturales que antes se llevaban a cabo en espacios destinados para ello, toda vez que significaban una alternativa de esparcimiento y un complemento en materia educativa para las nuevas generaciones.<\/p>\n<p class=\"x_gmail-MsoNoSpacing\">\u201cEn esta administraci\u00f3n asumimos el compromiso de rescatar espacios p\u00fablicos y fomentar la pr\u00e1ctica de las artes, porque cuando la ni\u00f1ez y la juventud tiene la posibilidad de adentrarse en la cultura, nos permite tambi\u00e9n alejarlos de las adicciones y la delincuencia\u201d.<\/p>\n<p class=\"x_gmail-MsoNoSpacing\">Por su parte el subsecretario explic\u00f3 a la alcaldesa que existe plena disposici\u00f3n para colaborar con su administraci\u00f3n en los temas que conciernen a instituci\u00f3n a su cargo, se\u00f1alando que la idea es rescatar programas que ya no se ven\u00eda realizando y replantear los que as\u00ed lo ameriten.<\/p>\n<p class=\"x_gmail-MsoNoSpacing\">Se refiri\u00f3 a la pr\u00e1ctica de la lectura, se\u00f1alando que a trav\u00e9s de las \u00e1reas que atienden este tema en la subsecretar\u00eda, se busca impulsar y fomentar esta actividad, incluso en visitas casa por casa, para buscar a los lectores y facilitarles las tem\u00e1ticas literarias que son de su inter\u00e9s.<\/p>\n<p class=\"x_gmail-MsoNoSpacing\">En ese contexto la presidenta y el funcionario estatal, coincidieron en la apertura para coadyuvar cada quien desde su \u00e1mbito, para acercar la cultura al municipio, con el objetivo de seguir impulsando un desarrollo \u00edntegro de ni\u00f1as, ni\u00f1os y j\u00f3venes, as\u00ed como ofrecer oportunidades de esparcimiento a la poblaci\u00f3n.<\/p>\n","protected":false},"excerpt":{"rendered":"<p>*Sostuvieron reuni\u00f3n de trabajo la alcaldesa Gabriela Mej\u00eda y el subsecretario Emiliano Zizumbo. La presidenta municipal de Cuauht\u00e9moc, Gabriela Mej\u00eda Mart\u00ednez, sostuvo una reuni\u00f3n de trabajo con el subsecretario de Cultura del Gobierno del Estado, Emiliano Zizumbo Quintanilla, para iniciar los trabajos de una agenda cultural que pueda desarrollarse en el municipio. En el encuentro&#8230;<\/p>\n","protected":false},"author":2,"featured_media":20626,"comment_status":"open","ping_status":"open","sticky":false,"template":"","format":"standard","meta":{"footnotes":""},"categories":[40,8],"tags":[29,30,28],"class_list":["post-20625","post","type-post","status-publish","format-standard","has-post-thumbnail","hentry","category-cuauhtemoc","category-municipios","tag-grid","tag-news","tag-slider"],"_links":{"self":[{"href":"http:\/\/elobservatorio.com.mx\/index.php?rest_route=\/wp\/v2\/posts\/20625"}],"collection":[{"href":"http:\/\/elobservatorio.com.mx\/index.php?rest_route=\/wp\/v2\/posts"}],"about":[{"href":"http:\/\/elobservatorio.com.mx\/index.php?rest_route=\/wp\/v2\/types\/post"}],"author":[{"embeddable":true,"href":"http:\/\/elobservatorio.com.mx\/index.php?rest_route=\/wp\/v2\/users\/2"}],"replies":[{"embeddable":true,"href":"http:\/\/elobservatorio.com.mx\/index.php?rest_route=%2Fwp%2Fv2%2Fcomments&post=20625"}],"version-history":[{"count":0,"href":"http:\/\/elobservatorio.com.mx\/index.php?rest_route=\/wp\/v2\/posts\/20625\/revisions"}],"wp:featuredmedia":[{"embeddable":true,"href":"http:\/\/elobservatorio.com.mx\/index.php?rest_route=\/wp\/v2\/media\/20626"}],"wp:attachment":[{"href":"http:\/\/elobservatorio.com.mx\/index.php?rest_route=%2Fwp%2Fv2%2Fmedia&parent=20625"}],"wp:term":[{"taxonomy":"category","embeddable":true,"href":"http:\/\/elobservatorio.com.mx\/index.php?rest_route=%2Fwp%2Fv2%2Fcategories&post=20625"},{"taxonomy":"post_tag","embeddable":true,"href":"http:\/\/elobservatorio.com.mx\/index.php?rest_route=%2Fwp%2Fv2%2Ftags&post=20625"}],"curies":[{"name":"wp","href":"https:\/\/api.w.org\/{rel}","templated":true}]}}