{"id":20632,"date":"2022-01-27T14:21:33","date_gmt":"2022-01-27T20:21:33","guid":{"rendered":"http:\/\/elobservatorio.com.mx\/?p=20632"},"modified":"2022-01-27T14:21:33","modified_gmt":"2022-01-27T20:21:33","slug":"en-jardines-de-la-villa-y-solidaridad-mas-de-50-mujeres-participan-en-marchas-exploratorias","status":"publish","type":"post","link":"http:\/\/elobservatorio.com.mx\/?p=20632","title":{"rendered":"En Jardines de la Villa y Solidaridad m\u00e1s de 50 mujeres participan en marchas exploratorias"},"content":{"rendered":"<p class=\"x_gmail-MsoNoSpacing\"><em>*Pone Villa de \u00c1lvarez atenci\u00f3n al problema de violencia de g\u00e9nero: Tey Guti\u00e9rrez<\/em><\/p>\n<p class=\"x_gmail-MsoNoSpacing\">Villa de \u00c1lvarez, Col.- M\u00e1s de medio centenar de personas, en su mayor\u00eda mujeres, participaron en las marchas exploratorias realizadas en las colonias Jardines de la Villa y Solidaridad, donde Tey Guti\u00e9rrez, Presidenta Municipal de Villa de \u00c1lvarez, las acompa\u00f1\u00f3 a recorrer las zonas consideradas m\u00e1s problem\u00e1ticas de ambos asentamientos.<\/p>\n<p class=\"x_gmail-MsoNoSpacing\">\u201cLa prioridad n\u00famero uno de los tres \u00f3rdenes de gobierno es la seguridad p\u00fablica y en Villa de \u00c1lvarez no es la excepci\u00f3n; sin embargo, en nuestro municipio tenemos un problema al que tambi\u00e9n le estamos poniendo especial atenci\u00f3n y es de la violencia contra las mujeres, por eso realizamos estas marchas exploratorias de seguridad\u201d, se\u00f1al\u00f3 Tey Guti\u00e9rrez.<\/p>\n<p class=\"x_gmail-MsoNoSpacing\">Tras el recorrido en Jardines de la Villa, las vecinas y las autoridades municipales detectaron la necesidad de poda de \u00e1rboles en el jard\u00edn de la colonia para un mejor aprovechamiento del alumbrado p\u00fablico, incrementar la presencia policiaca para reforzar la seguridad y reparaci\u00f3n de luminarias en jard\u00edn y calle Izc\u00f3atl.<\/p>\n<p class=\"x_gmail-MsoNoSpacing\">Tambi\u00e9n en la calle Izc\u00f3atl reportaron como factor de riesgo para la seguridad de las mujeres la falta de limpieza de un bald\u00edo, observaron \u00a0tres luminarias averiadas en la calle Tizoc, falta de recolecci\u00f3n \u00a0de ramas, limpieza de lote bald\u00edo y reparaci\u00f3n de alumbrado en la calle Quetzalc\u00f3atl.<\/p>\n<p class=\"x_gmail-MsoNoSpacing\">En la colonia Solidaridad la marcha exploratoria se realiz\u00f3 por la calle Chian, iniciando en la esquina \u00a0con la calle Laguna de Cuyutl\u00e1n, donde hay un terreno bald\u00edo sin limpiar, el cual por falta de iluminaci\u00f3n por las noches es un lugar que genera temor.<\/p>\n<p class=\"x_gmail-MsoNoSpacing\">Fueron reportados por vecinas y observados por las autoridades municipales factores de riesgo para la seguridad, como \u00e1rboles sin podar, limpieza del jard\u00edn entre \u00a0calles Laguna del Jabal\u00ed y Laguna La Escondida, reparaci\u00f3n de alumbrado en el jard\u00edn ubicado entre Laguna de Alcuzahue y Laguna La Estrella \u00a0y rehabilitaci\u00f3n de la caseta de seguridad p\u00fablica.<\/p>\n<p class=\"x_gmail-MsoNoSpacing\">En Solidaridad, Tey Guti\u00e9rrez \u00a0se\u00f1al\u00f3 que en los pr\u00f3ximos d\u00edas ser\u00e1n contratados m\u00e1s polic\u00edas para la Direcci\u00f3n de Seguridad P\u00fablica, anunci\u00f3 que la de esa colonia \u00a0es una de las ocho casetas que se tiene proyectado rehabilitar e inform\u00f3 sobre el incremento de patrullaje policial por un acuerdo de colaboraci\u00f3n interinstitucional entre el Ayuntamiento, La Guardia Nacional y las secretar\u00edas de la Defensa Nacional y Marina.<\/p>\n<p class=\"x_gmail-MsoNoSpacing\">En las dos colonias la Alcaldesa, que estuvo acompa\u00f1ada por funcionarios y funcionarias de las \u00e1reas de Alumbrado P\u00fablico, Seguridad P\u00fablica, DIF, Atenci\u00f3n Ciudadana, Parques \u00a0y Jardines y Limpia, instruy\u00f3 atender a la brevedad los asuntos que generan temor e inseguridad y puedan ser resueltos en lo inmediato.<\/p>\n<p class=\"x_gmail-MsoNoSpacing\">Con\u00a0 relaci\u00f3n a los asuntos que requieren de mayor tiempo para su ejecuci\u00f3n, la Presidenta Municipal pidi\u00f3 a las vecinas unos d\u00edas para resolverlos, pues el Ayuntamiento de Villa de \u00c1lvarez est\u00e1 por adquirir una gr\u00faa con canastilla, equipamiento indispensable \u00a0para reparar l\u00e1mparas de alumbrado p\u00fablico y podar \u00e1rboles de gran altura.<\/p>\n<p class=\"x_gmail-MsoNoSpacing\">Tanto en Jardines de la Villa como en Solidaridad, vecinas expresaron su agradecimiento por la presencia de Tey Guti\u00e9rrez y su equipo de trabajo en esas colonias y destacaron que haya acudido pr\u00e1cticamente todo el Gobierno de Villa de \u00c1lvarez a ambas marchas exploratorias.<\/p>\n","protected":false},"excerpt":{"rendered":"<p>*Pone Villa de \u00c1lvarez atenci\u00f3n al problema de violencia de g\u00e9nero: Tey Guti\u00e9rrez Villa de \u00c1lvarez, Col.- M\u00e1s de medio centenar de personas, en su mayor\u00eda mujeres, participaron en las marchas exploratorias realizadas en las colonias Jardines de la Villa y Solidaridad, donde Tey Guti\u00e9rrez, Presidenta Municipal de Villa de \u00c1lvarez, las acompa\u00f1\u00f3 a recorrer&#8230;<\/p>\n","protected":false},"author":2,"featured_media":20633,"comment_status":"open","ping_status":"open","sticky":false,"template":"","format":"standard","meta":{"footnotes":""},"categories":[8,42],"tags":[29,30,28],"class_list":["post-20632","post","type-post","status-publish","format-standard","has-post-thumbnail","hentry","category-municipios","category-villa-de-alvarez","tag-grid","tag-news","tag-slider"],"_links":{"self":[{"href":"http:\/\/elobservatorio.com.mx\/index.php?rest_route=\/wp\/v2\/posts\/20632"}],"collection":[{"href":"http:\/\/elobservatorio.com.mx\/index.php?rest_route=\/wp\/v2\/posts"}],"about":[{"href":"http:\/\/elobservatorio.com.mx\/index.php?rest_route=\/wp\/v2\/types\/post"}],"author":[{"embeddable":true,"href":"http:\/\/elobservatorio.com.mx\/index.php?rest_route=\/wp\/v2\/users\/2"}],"replies":[{"embeddable":true,"href":"http:\/\/elobservatorio.com.mx\/index.php?rest_route=%2Fwp%2Fv2%2Fcomments&post=20632"}],"version-history":[{"count":0,"href":"http:\/\/elobservatorio.com.mx\/index.php?rest_route=\/wp\/v2\/posts\/20632\/revisions"}],"wp:featuredmedia":[{"embeddable":true,"href":"http:\/\/elobservatorio.com.mx\/index.php?rest_route=\/wp\/v2\/media\/20633"}],"wp:attachment":[{"href":"http:\/\/elobservatorio.com.mx\/index.php?rest_route=%2Fwp%2Fv2%2Fmedia&parent=20632"}],"wp:term":[{"taxonomy":"category","embeddable":true,"href":"http:\/\/elobservatorio.com.mx\/index.php?rest_route=%2Fwp%2Fv2%2Fcategories&post=20632"},{"taxonomy":"post_tag","embeddable":true,"href":"http:\/\/elobservatorio.com.mx\/index.php?rest_route=%2Fwp%2Fv2%2Ftags&post=20632"}],"curies":[{"name":"wp","href":"https:\/\/api.w.org\/{rel}","templated":true}]}}