{"id":20644,"date":"2022-01-31T13:18:57","date_gmt":"2022-01-31T19:18:57","guid":{"rendered":"http:\/\/elobservatorio.com.mx\/?p=20644"},"modified":"2022-01-31T13:18:57","modified_gmt":"2022-01-31T19:18:57","slug":"en-villa-de-alvarez-la-lectura-sera-estrategia-de-desarrollo-tey-gutierrez","status":"publish","type":"post","link":"http:\/\/elobservatorio.com.mx\/?p=20644","title":{"rendered":"En Villa de \u00c1lvarez la lectura ser\u00e1 estrategia de desarrollo: Tey Guti\u00e9rrez"},"content":{"rendered":"<p class=\"x_gmail-MsoNoSpacing\"><em><span lang=\"ES-MX\">*Instalan la Comisi\u00f3n Municipal para el Fomento a la Lectura y el Libro<\/span><\/em><\/p>\n<p class=\"x_gmail-MsoNoSpacing\"><b><span lang=\"ES-MX\">\u00a0<\/span><\/b><b><span lang=\"ES-MX\">Villa de \u00c1lvarez, Col.-\u00a0\u00a0<\/span><\/b><span lang=\"ES-MX\">Durante la instalaci\u00f3n de la Comisi\u00f3n Municipal para el Fomento a la Lectura y el Libro, la Presidenta Tey Guti\u00e9rrez\u00a0 Andrade anunci\u00f3 el proyecto \u201cComisi\u00f3n Villa de \u00c1lvarez Municipio Lector\u201d, que enfocar\u00e1 sus esfuerzos para hacer de\u00a0 la lectura una estrategia de desarrollo.<\/span><\/p>\n<p class=\"x_gmail-MsoNoSpacing\"><span lang=\"ES-MX\">\u00a0<\/span><span lang=\"ES-MX\">Durante el evento desarrollado en Casa de la Cultura, Tey Guti\u00e9rrez entreg\u00f3 el nombramiento como Coordinadora de esa Comisi\u00f3n, a la narradora oral y cuentista Candy Jim\u00e9nez.<\/span><\/p>\n<p class=\"x_gmail-MsoNoSpacing\"><span lang=\"ES-MX\">\u00a0<\/span><span lang=\"ES-MX\">La\u00a0 Coordinadora de la Comisi\u00f3n Municipal para el Fomento a la Lectura y el Libro, Candy Jim\u00e9nez, es una mujer de gran trayectoria como narradora oral y cuenta cuentos, desarroll\u00f3 parte de su actividad en ese \u00e1mbito al lado de su esposo, el tambi\u00e9n cuentista V\u00edctor Chi, fallecido hace apenas unas semanas.<\/span><\/p>\n<p class=\"x_gmail-MsoNoSpacing\"><span lang=\"ES-MX\">\u00a0<\/span><span lang=\"ES-MX\">Jim\u00e9nez explic\u00f3 que la estrategia del proyecto \u201cComisi\u00f3n Villa de \u00c1lvarez Municipio Lector\u201d, considera un\u00a0 programa de atenci\u00f3n cultural, art\u00edstica y de convivencia para las comunidades, escuelas, barrios y jardines, basada en actividades de fomento y animaci\u00f3n a la lectura.<\/span><\/p>\n<p class=\"x_gmail-MsoNoSpacing\"><span lang=\"ES-MX\">\u00a0<\/span><span lang=\"ES-MX\">Apunt\u00f3 que el proyecto busca crear estrategias de convivencia familiar e incluyentes para crear un\u00a0 municipio lector y fortalecer los procesos de prevenci\u00f3n del delito, de identidad comunitaria, de ejercicio de los derechos culturales de la infancia y recomposici\u00f3n del tejido social a trav\u00e9s de los libros y las artes.<\/span><\/p>\n<p class=\"x_gmail-MsoNoSpacing\"><span lang=\"ES-MX\">\u00a0<\/span><span lang=\"ES-MX\">Entre las estrategias de la \u201cComisi\u00f3n Villa de \u00c1lvarez Municipio Lector\u201d, est\u00e1n los programas D\u00e9jame que te cuente, que atender\u00e1 escuelas de nivel b\u00e1sico con cuentacuentos; Fiesta de leyendas, narraci\u00f3n oral para fiestas patronales de comunidades y barrios.<\/span><\/p>\n<p class=\"x_gmail-MsoNoSpacing\"><span lang=\"ES-MX\">\u00a0<\/span><span lang=\"ES-MX\">Otros programas estrat\u00e9gicos son: Tardes de cuentos y lecturas, animaci\u00f3n lectora y cuentacuentos en el jard\u00edn principal de Villa de \u00c1lvarez; Agentes cuenteros, que capacitar\u00e1 polic\u00edas en la narraci\u00f3n de cuentos en colonias populares y escuelas.\u00a0\u00a0\u00a0\u00a0\u00a0\u00a0\u00a0\u00a0\u00a0\u00a0\u00a0\u00a0\u00a0\u00a0\u00a0\u00a0\u00a0\u00a0\u00a0\u00a0\u00a0\u00a0\u00a0\u00a0\u00a0\u00a0\u00a0\u00a0\u00a0\u00a0\u00a0\u00a0\u00a0\u00a0\u00a0\u00a0\u00a0\u00a0\u00a0\u00a0\u00a0\u00a0\u00a0\u00a0\u00a0\u00a0\u00a0\u00a0\u00a0\u00a0\u00a0\u00a0\u00a0\u00a0\u00a0\u00a0\u00a0\u00a0\u00a0\u00a0\u00a0\u00a0\u00a0\u00a0\u00a0\u00a0\u00a0\u00a0\u00a0\u00a0\u00a0\u00a0\u00a0\u00a0\u00a0\u00a0\u00a0\u00a0\u00a0\u00a0\u00a0\u00a0\u00a0\u00a0\u00a0\u00a0\u00a0\u00a0\u00a0\u00a0\u00a0\u00a0\u00a0\u00a0\u00a0\u00a0\u00a0\u00a0\u00a0\u00a0\u00a0\u00a0\u00a0\u00a0\u00a0\u00a0\u00a0\u00a0\u00a0\u00a0\u00a0\u00a0\u00a0\u00a0\u00a0\u00a0\u00a0\u00a0\u00a0\u00a0\u00a0\u00a0\u00a0\u00a0\u00a0\u00a0\u00a0\u00a0\u00a0\u00a0\u00a0\u00a0\u00a0\u00a0\u00a0\u00a0\u00a0\u00a0\u00a0\u00a0\u00a0\u00a0\u00a0\u00a0\u00a0\u00a0\u00a0\u00a0\u00a0\u00a0\u00a0\u00a0\u00a0\u00a0\u00a0\u00a0\u00a0\u00a0\u00a0\u00a0\u00a0 \u00a0\u00a0\u00a0\u00a0\u00a0\u00a0\u00a0\u00a0\u00a0\u00a0\u00a0\u00a0\u00a0\u00a0\u00a0\u00a0\u00a0\u00a0\u00a0\u00a0<\/span><\/p>\n<p class=\"x_gmail-MsoNoSpacing\"><span lang=\"ES-MX\">\u00a0<\/span><span lang=\"ES-MX\">Abuelos cuentacuentos es el programa de capacitaci\u00f3n a personas de la tercera edad en narraci\u00f3n oral para la formaci\u00f3n de un grupo de animaci\u00f3n cultural; Brigada de letras, compuesto por j\u00f3venes para atender asilos, orfanatos y centros de integraci\u00f3n juveniles, y Festival de narraci\u00f3n oral y cuentear\u00eda, y Palabras de\u00a0<\/span>colores, que plantea la celebraci\u00f3n\u00a0\u00a0anual de un festival con invitados nacionales y extranjeros.<\/p>\n","protected":false},"excerpt":{"rendered":"<p>*Instalan la Comisi\u00f3n Municipal para el Fomento a la Lectura y el Libro \u00a0Villa de \u00c1lvarez, Col.-\u00a0\u00a0Durante la instalaci\u00f3n de la Comisi\u00f3n Municipal para el Fomento a la Lectura y el Libro, la Presidenta Tey Guti\u00e9rrez\u00a0 Andrade anunci\u00f3 el proyecto \u201cComisi\u00f3n Villa de \u00c1lvarez Municipio Lector\u201d, que enfocar\u00e1 sus esfuerzos para hacer de\u00a0 la lectura&#8230;<\/p>\n","protected":false},"author":2,"featured_media":20645,"comment_status":"open","ping_status":"open","sticky":false,"template":"","format":"standard","meta":{"footnotes":""},"categories":[8,42],"tags":[29,30,28],"class_list":["post-20644","post","type-post","status-publish","format-standard","has-post-thumbnail","hentry","category-municipios","category-villa-de-alvarez","tag-grid","tag-news","tag-slider"],"_links":{"self":[{"href":"http:\/\/elobservatorio.com.mx\/index.php?rest_route=\/wp\/v2\/posts\/20644"}],"collection":[{"href":"http:\/\/elobservatorio.com.mx\/index.php?rest_route=\/wp\/v2\/posts"}],"about":[{"href":"http:\/\/elobservatorio.com.mx\/index.php?rest_route=\/wp\/v2\/types\/post"}],"author":[{"embeddable":true,"href":"http:\/\/elobservatorio.com.mx\/index.php?rest_route=\/wp\/v2\/users\/2"}],"replies":[{"embeddable":true,"href":"http:\/\/elobservatorio.com.mx\/index.php?rest_route=%2Fwp%2Fv2%2Fcomments&post=20644"}],"version-history":[{"count":0,"href":"http:\/\/elobservatorio.com.mx\/index.php?rest_route=\/wp\/v2\/posts\/20644\/revisions"}],"wp:featuredmedia":[{"embeddable":true,"href":"http:\/\/elobservatorio.com.mx\/index.php?rest_route=\/wp\/v2\/media\/20645"}],"wp:attachment":[{"href":"http:\/\/elobservatorio.com.mx\/index.php?rest_route=%2Fwp%2Fv2%2Fmedia&parent=20644"}],"wp:term":[{"taxonomy":"category","embeddable":true,"href":"http:\/\/elobservatorio.com.mx\/index.php?rest_route=%2Fwp%2Fv2%2Fcategories&post=20644"},{"taxonomy":"post_tag","embeddable":true,"href":"http:\/\/elobservatorio.com.mx\/index.php?rest_route=%2Fwp%2Fv2%2Ftags&post=20644"}],"curies":[{"name":"wp","href":"https:\/\/api.w.org\/{rel}","templated":true}]}}