{"id":20658,"date":"2022-01-31T15:13:11","date_gmt":"2022-01-31T21:13:11","guid":{"rendered":"http:\/\/elobservatorio.com.mx\/?p=20658"},"modified":"2022-01-31T15:13:11","modified_gmt":"2022-01-31T21:13:11","slug":"esta-semana-cierra-la-convocatoria-para-matrimonios-contigo","status":"publish","type":"post","link":"http:\/\/elobservatorio.com.mx\/?p=20658","title":{"rendered":"Esta semana cierra la convocatoria para \u201cMatrimonios contigo\u201d"},"content":{"rendered":"<p class=\"x_MsoNormal\"><em>*Las parejas interesadas en participar deber\u00e1n registrarse antes de este 5 de febrero en el DIF Municipal Colima; la boda colectiva ser\u00e1 el 14 de febrero, en el Parque Hidalgo.<\/em><\/p>\n<p class=\"x_MsoNormal\">La convocatoria para participar en el programa de regularizaci\u00f3n del estado civil \u201cMatrimonios contigo\u201d, que promueven el Ayuntamiento de Colima y el DIF Municipal Colima en el marco del D\u00eda del amor y la amistad, contin\u00faa abierta por lo que se hace la invitaci\u00f3n a las parejas del municipio que deseen contraer matrimonio a que realicen su tr\u00e1mite de forma oportuna.<\/p>\n<p class=\"x_MsoNormal\">Es importante que las parejas que quieran ser beneficiarias entreguen su documentaci\u00f3n ante el \u00e1rea jur\u00eddica del DIF Municipal Colima, que es la instancia que efect\u00faa el procedimiento ante el Registro Civil, condonando los costos de este tr\u00e1mite y colabora con las parejas en la gesti\u00f3n y agilizaci\u00f3n del procedimiento.<\/p>\n<p class=\"x_MsoNormal\">La directora del DIF Municipal Colima, Himelda Mer\u00e1z S\u00e1nchez, dio a conocer que se ha tenido una respuesta positiva por parte de las y los colimenses, que han respondido a esta invitaci\u00f3n que se hace con el objetivo de apoyar a la poblaci\u00f3n con la regularizaci\u00f3n del estado civil de muchas parejas que desean casarse, pero tambi\u00e9n de muchas otras que ya viven en uni\u00f3n libre y desean formalizar su estado civil.<\/p>\n<p class=\"x_MsoNormal\">\u201cSe trata de un programa muy importante que se ofrece para las y los colimenses, porque les apoyamos a cumplir, muchas veces, el sue\u00f1o de su vida que es unirse en pareja y para otras que por muchos a\u00f1os ya viven juntos y desean formalizar ese amor y vivir en matrimonio, con todos los derechos de ley\u201d.<\/p>\n<p class=\"x_MsoNormal\">Se\u00f1al\u00f3 que por convicci\u00f3n de la presidenta municipal, Margarita Moreno, se ha instruido tanto al Registro Civil como al DIF Municipal a ser facilitadores y colaborar con las parejas para que puedan cumplir con sus requisitos, por ello la importancia de que las parejas interesadas se acerquen a la brevedad, antes de la fecha l\u00edmite, para que puedan formar parte de la recepci\u00f3n que se realizar\u00e1 el pr\u00f3ximo 14 de febrero, a las 05:30 de la tarde en el emblem\u00e1tico Parque Hidalgo.<\/p>\n<p class=\"x_MsoNormal\">Los requisitos que deben cumplirse son: acta de nacimiento, an\u00e1lisis de sangre V.D.L.R. y tipo de sangre, examen m\u00e9dico, constancia de pl\u00e1ticas prenupciales, constancia de solter\u00eda, para quienes sean viudos o divorciados deben entregar acta de defunci\u00f3n o de divorcio y copia identificaci\u00f3n oficial.<\/p>\n<p class=\"x_MsoNormal\">Mer\u00e1z S\u00e1nchez invita a las parejas interesadas que requieran m\u00e1s informaci\u00f3n que se comuniquen por mensaje de texto en la cuenta oficial del Facebook del DIF Municipal Colima a cualquier hora del d\u00eda, o si lo prefieren por tel\u00e9fono al n\u00famero 312 312 2876, en el horario de 08:30 de la ma\u00f1ana a 03:00 de la tarde.<\/p>\n","protected":false},"excerpt":{"rendered":"<p>*Las parejas interesadas en participar deber\u00e1n registrarse antes de este 5 de febrero en el DIF Municipal Colima; la boda colectiva ser\u00e1 el 14 de febrero, en el Parque Hidalgo. La convocatoria para participar en el programa de regularizaci\u00f3n del estado civil \u201cMatrimonios contigo\u201d, que promueven el Ayuntamiento de Colima y el DIF Municipal Colima&#8230;<\/p>\n","protected":false},"author":2,"featured_media":20659,"comment_status":"open","ping_status":"open","sticky":false,"template":"","format":"standard","meta":{"footnotes":""},"categories":[36,8],"tags":[29,30,28],"class_list":["post-20658","post","type-post","status-publish","format-standard","has-post-thumbnail","hentry","category-colima","category-municipios","tag-grid","tag-news","tag-slider"],"_links":{"self":[{"href":"http:\/\/elobservatorio.com.mx\/index.php?rest_route=\/wp\/v2\/posts\/20658"}],"collection":[{"href":"http:\/\/elobservatorio.com.mx\/index.php?rest_route=\/wp\/v2\/posts"}],"about":[{"href":"http:\/\/elobservatorio.com.mx\/index.php?rest_route=\/wp\/v2\/types\/post"}],"author":[{"embeddable":true,"href":"http:\/\/elobservatorio.com.mx\/index.php?rest_route=\/wp\/v2\/users\/2"}],"replies":[{"embeddable":true,"href":"http:\/\/elobservatorio.com.mx\/index.php?rest_route=%2Fwp%2Fv2%2Fcomments&post=20658"}],"version-history":[{"count":0,"href":"http:\/\/elobservatorio.com.mx\/index.php?rest_route=\/wp\/v2\/posts\/20658\/revisions"}],"wp:featuredmedia":[{"embeddable":true,"href":"http:\/\/elobservatorio.com.mx\/index.php?rest_route=\/wp\/v2\/media\/20659"}],"wp:attachment":[{"href":"http:\/\/elobservatorio.com.mx\/index.php?rest_route=%2Fwp%2Fv2%2Fmedia&parent=20658"}],"wp:term":[{"taxonomy":"category","embeddable":true,"href":"http:\/\/elobservatorio.com.mx\/index.php?rest_route=%2Fwp%2Fv2%2Fcategories&post=20658"},{"taxonomy":"post_tag","embeddable":true,"href":"http:\/\/elobservatorio.com.mx\/index.php?rest_route=%2Fwp%2Fv2%2Ftags&post=20658"}],"curies":[{"name":"wp","href":"https:\/\/api.w.org\/{rel}","templated":true}]}}