{"id":2077,"date":"2019-01-31T19:53:41","date_gmt":"2019-01-31T19:53:41","guid":{"rendered":"http:\/\/elobservatorio.com.mx\/acredita-gobierno-del-estado-a-oficiales-de-registro-civil"},"modified":"2019-01-31T19:53:41","modified_gmt":"2019-01-31T19:53:41","slug":"acredita-gobierno-del-estado-a-oficiales-de-registro-civil","status":"publish","type":"post","link":"http:\/\/elobservatorio.com.mx\/?p=2077","title":{"rendered":"Acredita Gobierno del Estado a Oficiales de Registro Civil"},"content":{"rendered":"<p class=\"x_MsoNormal\"><em>*Manejar\u00e1n el Nuevo Sistema Integral de Registro Civil<\/em><\/p>\n<p class=\"x_MsoNormal\">La Direcci\u00f3n de Registro Civil del Estado de Colima y el Instituto Colimense para la Sociedad de la Informaci\u00f3n y el Conocimiento (ICSIC), acreditaron a funcionarios de las 10 oficial\u00edas municipales de registro civil, en el uso del nuevo sistema integral que operar\u00e1 en la materia.<\/p>\n<p class=\"x_MsoNormal\">El director general del Instituto Colimense para la Sociedad de la Informaci\u00f3n y el Conocimiento (ICSIC), Miguel \u00c1ngel Anaya Rojas, precis\u00f3 que el objetivo de esta capacitaci\u00f3n es dar a conocer el proyecto implementado por el Gobierno del Estado desde el 2016 con el Banco Interamericano de Desarrollo (BID), de un nuevo sistema de registro civil con datos biom\u00e9tricos.<\/p>\n<p class=\"x_MsoNormal\">\u00a0Agreg\u00f3 que ahora los oficiales de estas dependencias ya conocen el proyecto, c\u00f3mo est\u00e1 conformado y, las acciones que se requieren para el adecuado funcionamiento, sobre todo, se les acredit\u00f3 ante el sistema para que ya puedan operarlo desde sus oficinas.<\/p>\n<p class=\"x_MsoNormal\">Por su parte, el director del Registro Civil del estado de Colima, Juan Pablo Carrazco Fern\u00e1ndez, afirm\u00f3 que este nuevo sistema basado en individuos, contiene informaci\u00f3n oficial del estado civil de las personas como la paternidad, matrimonio, divorcio y defunci\u00f3n, entre otros, que como tal, formalizan la identidad y su reconocimiento jur\u00eddico por el estado y la sociedad.<\/p>\n<p class=\"x_MsoNormal\">La capacitaci\u00f3n que proporciona el Gobierno del Estado al personal operativo, concluye el pr\u00f3ximo mi\u00e9rcoles 9 de febrero.<\/p>\n","protected":false},"excerpt":{"rendered":"<p>*Manejar\u00e1n el Nuevo Sistema Integral de Registro Civil La Direcci\u00f3n de Registro Civil del Estado de Colima y el Instituto Colimense para la Sociedad de la Informaci\u00f3n y el Conocimiento (ICSIC), acreditaron a funcionarios de las 10 oficial\u00edas municipales de registro civil, en el uso del nuevo sistema integral que operar\u00e1 en la materia. El&#8230;<\/p>\n","protected":false},"author":2,"featured_media":2078,"comment_status":"open","ping_status":"open","sticky":false,"template":"","format":"standard","meta":{"footnotes":""},"categories":[16],"tags":[29,30,28],"class_list":["post-2077","post","type-post","status-publish","format-standard","has-post-thumbnail","hentry","category-gobierno","tag-grid","tag-news","tag-slider"],"_links":{"self":[{"href":"http:\/\/elobservatorio.com.mx\/index.php?rest_route=\/wp\/v2\/posts\/2077"}],"collection":[{"href":"http:\/\/elobservatorio.com.mx\/index.php?rest_route=\/wp\/v2\/posts"}],"about":[{"href":"http:\/\/elobservatorio.com.mx\/index.php?rest_route=\/wp\/v2\/types\/post"}],"author":[{"embeddable":true,"href":"http:\/\/elobservatorio.com.mx\/index.php?rest_route=\/wp\/v2\/users\/2"}],"replies":[{"embeddable":true,"href":"http:\/\/elobservatorio.com.mx\/index.php?rest_route=%2Fwp%2Fv2%2Fcomments&post=2077"}],"version-history":[{"count":0,"href":"http:\/\/elobservatorio.com.mx\/index.php?rest_route=\/wp\/v2\/posts\/2077\/revisions"}],"wp:featuredmedia":[{"embeddable":true,"href":"http:\/\/elobservatorio.com.mx\/index.php?rest_route=\/wp\/v2\/media\/2078"}],"wp:attachment":[{"href":"http:\/\/elobservatorio.com.mx\/index.php?rest_route=%2Fwp%2Fv2%2Fmedia&parent=2077"}],"wp:term":[{"taxonomy":"category","embeddable":true,"href":"http:\/\/elobservatorio.com.mx\/index.php?rest_route=%2Fwp%2Fv2%2Fcategories&post=2077"},{"taxonomy":"post_tag","embeddable":true,"href":"http:\/\/elobservatorio.com.mx\/index.php?rest_route=%2Fwp%2Fv2%2Ftags&post=2077"}],"curies":[{"name":"wp","href":"https:\/\/api.w.org\/{rel}","templated":true}]}}