{"id":21064,"date":"2022-02-23T11:40:33","date_gmt":"2022-02-23T17:40:33","guid":{"rendered":"http:\/\/elobservatorio.com.mx\/?p=21064"},"modified":"2022-02-23T11:40:33","modified_gmt":"2022-02-23T17:40:33","slug":"amigos-y-familiares-recordaran-a-gustavo-vazquez-en-homenaje-luctuoso","status":"publish","type":"post","link":"http:\/\/elobservatorio.com.mx\/?p=21064","title":{"rendered":"Amigos y familiares recordar\u00e1n a Gustavo V\u00e1zquez en homenaje luctuoso"},"content":{"rendered":"<p>Ma\u00f1ana jueves 24 de Febrero a las 10 am., en la explanada del parque el Triangulito de la ciudad de Tecom\u00e1n, familiares y amistades del profesor Gustavo Alberto V\u00e1zquez Montes le recordar\u00e1n con emotivo homenaje al pie de su estatua, en el 17 avo. Aniversario de su fallecimiento.<\/p>\n<p>Gustavo fue excelente pol\u00edtico colimense que inici\u00f3 su carrera como subdirector y posteriormente director de cultura, regidor en el ayuntamiento tecomense, diputado local en dos ocasiones, presidente municipal de Tecom\u00e1n y Gobernador de nuestro Estado.<\/p>\n<p>Gustavo siempre tuvo presente a los m\u00e1s vulnerables, supo conectarse con la gente extendi\u00e9ndoles siempre su mano amiga, identificado plenamente con el Pueblo.<\/p>\n<p>Las familias V\u00e1zquez Montes y V\u00e1zquez Galindo, agradecen la disposici\u00f3n y coordinaci\u00f3n a las autoridades municipales de Tecom\u00e1n y del Gobierno del Estado, recordando al tecomense que siempre estuvo cerca de la gente, impulsor de la pol\u00edtica social que dej\u00f3 huella como gobernante humanista.<\/p>\n","protected":false},"excerpt":{"rendered":"<p>Ma\u00f1ana jueves 24 de Febrero a las 10 am., en la explanada del parque el Triangulito de la ciudad de Tecom\u00e1n, familiares y amistades del profesor Gustavo Alberto V\u00e1zquez Montes le recordar\u00e1n con emotivo homenaje al pie de su estatua, en el 17 avo. Aniversario de su fallecimiento. Gustavo fue excelente pol\u00edtico colimense que inici\u00f3&#8230;<\/p>\n","protected":false},"author":2,"featured_media":21065,"comment_status":"open","ping_status":"open","sticky":false,"template":"","format":"standard","meta":{"footnotes":""},"categories":[12],"tags":[29,30,28],"class_list":["post-21064","post","type-post","status-publish","format-standard","has-post-thumbnail","hentry","category-sociedad","tag-grid","tag-news","tag-slider"],"_links":{"self":[{"href":"http:\/\/elobservatorio.com.mx\/index.php?rest_route=\/wp\/v2\/posts\/21064"}],"collection":[{"href":"http:\/\/elobservatorio.com.mx\/index.php?rest_route=\/wp\/v2\/posts"}],"about":[{"href":"http:\/\/elobservatorio.com.mx\/index.php?rest_route=\/wp\/v2\/types\/post"}],"author":[{"embeddable":true,"href":"http:\/\/elobservatorio.com.mx\/index.php?rest_route=\/wp\/v2\/users\/2"}],"replies":[{"embeddable":true,"href":"http:\/\/elobservatorio.com.mx\/index.php?rest_route=%2Fwp%2Fv2%2Fcomments&post=21064"}],"version-history":[{"count":0,"href":"http:\/\/elobservatorio.com.mx\/index.php?rest_route=\/wp\/v2\/posts\/21064\/revisions"}],"wp:featuredmedia":[{"embeddable":true,"href":"http:\/\/elobservatorio.com.mx\/index.php?rest_route=\/wp\/v2\/media\/21065"}],"wp:attachment":[{"href":"http:\/\/elobservatorio.com.mx\/index.php?rest_route=%2Fwp%2Fv2%2Fmedia&parent=21064"}],"wp:term":[{"taxonomy":"category","embeddable":true,"href":"http:\/\/elobservatorio.com.mx\/index.php?rest_route=%2Fwp%2Fv2%2Fcategories&post=21064"},{"taxonomy":"post_tag","embeddable":true,"href":"http:\/\/elobservatorio.com.mx\/index.php?rest_route=%2Fwp%2Fv2%2Ftags&post=21064"}],"curies":[{"name":"wp","href":"https:\/\/api.w.org\/{rel}","templated":true}]}}