{"id":21255,"date":"2022-03-04T17:40:01","date_gmt":"2022-03-04T23:40:01","guid":{"rendered":"http:\/\/elobservatorio.com.mx\/?p=21255"},"modified":"2022-03-04T17:45:26","modified_gmt":"2022-03-04T23:45:26","slug":"asesinan-al-reportero-juan-carlos-muniz-en-zacatecas-es-el-septimo-asesinado-en-lo-que-va-del-ano","status":"publish","type":"post","link":"http:\/\/elobservatorio.com.mx\/?p=21255","title":{"rendered":"Asesinan al reportero Juan Carlos Mu\u00f1iz, en Zacatecas; es el septimo en lo que va del a\u00f1o"},"content":{"rendered":"<p>*El gobernador David Monreal \u00c1vila conden\u00f3 los hechos<\/p>\n<p><strong>Juan Carlos Mu\u00f1iz<\/strong>, quien laboraba para el portal de noticias \u201cTestigo Minero\u201d, fue asesinado este viernes en Fresnillo, Zacatecas.<\/p>\n<p>As\u00ed lo inform\u00f3 el gobernador de Zacatecas,\u00a0<strong>David Monreal \u00c1vila<\/strong>, quien a trav\u00e9s de su cuenta de Twitter\u00a0<strong>conden\u00f3 lo sucedido y expres\u00f3 solidaridad a sus familiares, amigos y colegas.<\/strong><\/p>\n<p>\u201cHe solicitado a la Fiscal\u00eda de Zacatecas que lleve a cabo las labores correspondientes para esclarecer este hecho y dar con los responsables a la brevedad. Ni este, ni ning\u00fan otro suceso, puede quedar impune\u201d, expres\u00f3 el mandatario de aquella entidad.<\/p>\n<p>Con \u00e9l son al menos siete los periodistas y comunicadores asesinados en lo que va de este a\u00f1o en M\u00e9xico. El \u00faltimo fue Jorge Camero, quien fue baleado la noche del pasado jueves 24 de febrero en la colonia Libertad.<\/p>\n<p>Camero dirig\u00eda el portal de noticias \u201cEl Informativo\u201d, luego de haber solicitado licencia recientemente a la alcald\u00eda de Empalme, donde se desempe\u00f1aba como secretario particular del mun\u00edcipe.<\/p>\n<h4>Periodistas y comunicadores asesinados en M\u00e9xico este 2022:<\/h4>\n<ul>\n<li>10 de enero, Veracruz:\u00a0<strong>Jos\u00e9 Luis Gamboa Arenas<\/strong><\/li>\n<li>17 de enero, Baja California:\u00a0<strong>Margarito Mart\u00ednez<\/strong><\/li>\n<li>23 de enero, Baja California:\u00a0<strong>Lourdes Maldonado<\/strong><\/li>\n<li>31 de enero, Michoac\u00e1n:\u00a0<strong>Roberto Toledo<\/strong><\/li>\n<li>10 de febrero, Oaxaca:\u00a0<strong>Heber L\u00f3pez V\u00e1zquez<\/strong><\/li>\n<li>04 de marzo, Zacatecas:\u00a0<strong>Juan Carlos Mu\u00f1iz\u00a0 \u00a0 \u00a0 \u00a0 \u00a0 \u00a0 \u00a0 \u00a0 \u00a0 \u00a0 \u00a0 \u00a0 \u00a0 \u00a0 \u00a0 \u00a0 \u00a0 \u00a0 \u00a0 \u00a0 \u00a0 \u00a0 \u00a0 \u00a0 \u00a0 \u00a0 \u00a0 \u00a0 \u00a0 \u00a0 \u00a0 \u00a0 \u00a0 \u00a0 \u00a0 \u00a0 \u00a0 \u00a0 \u00a0 \u00a0 \u00a0 \u00a0 \u00a0 \u00a0 \u00a0 \u00a0 \u00a0 \u00a0 \u00a0 \u00a0 \u00a0 \u00a0 \u00a0 \u00a0 \u00a0 \u00a0 \u00a0 \u00a0 \u00a0 \u00a0 \u00a0 \u00a0 \u00a0 \u00a0 \u00a0 \u00a0 \u00a0<\/strong><em>Con informaci\u00f3n de El Informador\u00a0<\/em><\/li>\n<\/ul>\n","protected":false},"excerpt":{"rendered":"<p>*El gobernador David Monreal \u00c1vila conden\u00f3 los hechos Juan Carlos Mu\u00f1iz, quien laboraba para el portal de noticias \u201cTestigo Minero\u201d, fue asesinado este viernes en Fresnillo, Zacatecas. As\u00ed lo inform\u00f3 el gobernador de Zacatecas,\u00a0David Monreal \u00c1vila, quien a trav\u00e9s de su cuenta de Twitter\u00a0conden\u00f3 lo sucedido y expres\u00f3 solidaridad a sus familiares, amigos y colegas&#8230;.<\/p>\n","protected":false},"author":2,"featured_media":21256,"comment_status":"open","ping_status":"open","sticky":false,"template":"","format":"standard","meta":{"footnotes":""},"categories":[13],"tags":[29,30,28],"class_list":["post-21255","post","type-post","status-publish","format-standard","has-post-thumbnail","hentry","category-nacion-y-mundo","tag-grid","tag-news","tag-slider"],"_links":{"self":[{"href":"http:\/\/elobservatorio.com.mx\/index.php?rest_route=\/wp\/v2\/posts\/21255"}],"collection":[{"href":"http:\/\/elobservatorio.com.mx\/index.php?rest_route=\/wp\/v2\/posts"}],"about":[{"href":"http:\/\/elobservatorio.com.mx\/index.php?rest_route=\/wp\/v2\/types\/post"}],"author":[{"embeddable":true,"href":"http:\/\/elobservatorio.com.mx\/index.php?rest_route=\/wp\/v2\/users\/2"}],"replies":[{"embeddable":true,"href":"http:\/\/elobservatorio.com.mx\/index.php?rest_route=%2Fwp%2Fv2%2Fcomments&post=21255"}],"version-history":[{"count":0,"href":"http:\/\/elobservatorio.com.mx\/index.php?rest_route=\/wp\/v2\/posts\/21255\/revisions"}],"wp:featuredmedia":[{"embeddable":true,"href":"http:\/\/elobservatorio.com.mx\/index.php?rest_route=\/wp\/v2\/media\/21256"}],"wp:attachment":[{"href":"http:\/\/elobservatorio.com.mx\/index.php?rest_route=%2Fwp%2Fv2%2Fmedia&parent=21255"}],"wp:term":[{"taxonomy":"category","embeddable":true,"href":"http:\/\/elobservatorio.com.mx\/index.php?rest_route=%2Fwp%2Fv2%2Fcategories&post=21255"},{"taxonomy":"post_tag","embeddable":true,"href":"http:\/\/elobservatorio.com.mx\/index.php?rest_route=%2Fwp%2Fv2%2Ftags&post=21255"}],"curies":[{"name":"wp","href":"https:\/\/api.w.org\/{rel}","templated":true}]}}