{"id":21317,"date":"2022-03-09T20:23:07","date_gmt":"2022-03-10T02:23:07","guid":{"rendered":"http:\/\/elobservatorio.com.mx\/?p=21317"},"modified":"2022-03-09T20:24:08","modified_gmt":"2022-03-10T02:24:08","slug":"roberto-verduzco-participa-en-la-quinta-sesion-ordinaria-de-la-comision-permanente-de-bienes-municipales-y-panteones","status":"publish","type":"post","link":"http:\/\/elobservatorio.com.mx\/?p=21317","title":{"rendered":"Roberto Verduzco participa en Sesi\u00f3n Ordinaria de la Comisi\u00f3n Permanente de Bienes Municipales y Panteones"},"content":{"rendered":"<p>La ma\u00f1ana de este mi\u00e9rcoles (9), se llev\u00f3 a cabo la Quinta Sesi\u00f3n Ordinaria de la Comisi\u00f3n Permanente de Bienes Municipales y Panteones del H. Cabildo Constitucional de Tecom\u00e1n, en la Sala de Juntas de Sindico y Regidores.<\/p>\n<p>El Regidor, Secretario de esa Comisi\u00f3n, Roberto Verduzco Espinoza, dijo que en la Sesi\u00f3n se aprob\u00f3 el proyecto de Dictamen que emiti\u00f3 la Comisi\u00f3n respecto de la solicitud que realiza la Se\u00f1ora Ma. Graciela Torres Flores.<\/p>\n<p>En ese sentido, Verduzco Espinoza, agradeci\u00f3 a la Presidenta de esta Comisi\u00f3n, la Sindica, Tania Guadalupe Osorio \u00c1lvarez, por el trabajo coordinado en equipo que realizan, para sacar asuntos en beneficio de los ciudadanos.<\/p>\n<p>Asimismo, el mun\u00edcipe inform\u00f3 que se est\u00e1 trabajando coordinadamente con todas las comisiones, siempre viendo por las necesidades de los tecomenses; de la misma manera, comunic\u00f3 que, desde su Comisi\u00f3n de Desarrollo Rural, ha estado trabajando y que pronto estar\u00e1 dando a conocer los proyectos y el trabajo que se viene en puerta, as\u00ed como los que se han realizado.<\/p>\n","protected":false},"excerpt":{"rendered":"<p>La ma\u00f1ana de este mi\u00e9rcoles (9), se llev\u00f3 a cabo la Quinta Sesi\u00f3n Ordinaria de la Comisi\u00f3n Permanente de Bienes Municipales y Panteones del H. Cabildo Constitucional de Tecom\u00e1n, en la Sala de Juntas de Sindico y Regidores. El Regidor, Secretario de esa Comisi\u00f3n, Roberto Verduzco Espinoza, dijo que en la Sesi\u00f3n se aprob\u00f3 el&#8230;<\/p>\n","protected":false},"author":2,"featured_media":21318,"comment_status":"open","ping_status":"open","sticky":false,"template":"","format":"standard","meta":{"footnotes":""},"categories":[8,34],"tags":[29,30,28],"class_list":["post-21317","post","type-post","status-publish","format-standard","has-post-thumbnail","hentry","category-municipios","category-tecoman","tag-grid","tag-news","tag-slider"],"_links":{"self":[{"href":"http:\/\/elobservatorio.com.mx\/index.php?rest_route=\/wp\/v2\/posts\/21317"}],"collection":[{"href":"http:\/\/elobservatorio.com.mx\/index.php?rest_route=\/wp\/v2\/posts"}],"about":[{"href":"http:\/\/elobservatorio.com.mx\/index.php?rest_route=\/wp\/v2\/types\/post"}],"author":[{"embeddable":true,"href":"http:\/\/elobservatorio.com.mx\/index.php?rest_route=\/wp\/v2\/users\/2"}],"replies":[{"embeddable":true,"href":"http:\/\/elobservatorio.com.mx\/index.php?rest_route=%2Fwp%2Fv2%2Fcomments&post=21317"}],"version-history":[{"count":0,"href":"http:\/\/elobservatorio.com.mx\/index.php?rest_route=\/wp\/v2\/posts\/21317\/revisions"}],"wp:featuredmedia":[{"embeddable":true,"href":"http:\/\/elobservatorio.com.mx\/index.php?rest_route=\/wp\/v2\/media\/21318"}],"wp:attachment":[{"href":"http:\/\/elobservatorio.com.mx\/index.php?rest_route=%2Fwp%2Fv2%2Fmedia&parent=21317"}],"wp:term":[{"taxonomy":"category","embeddable":true,"href":"http:\/\/elobservatorio.com.mx\/index.php?rest_route=%2Fwp%2Fv2%2Fcategories&post=21317"},{"taxonomy":"post_tag","embeddable":true,"href":"http:\/\/elobservatorio.com.mx\/index.php?rest_route=%2Fwp%2Fv2%2Ftags&post=21317"}],"curies":[{"name":"wp","href":"https:\/\/api.w.org\/{rel}","templated":true}]}}