{"id":21324,"date":"2022-03-09T20:53:36","date_gmt":"2022-03-10T02:53:36","guid":{"rendered":"http:\/\/elobservatorio.com.mx\/?p=21324"},"modified":"2022-03-09T20:53:36","modified_gmt":"2022-03-10T02:53:36","slug":"financiara-conacyt-tres-nuevos-proyectos-de-la-udec","status":"publish","type":"post","link":"http:\/\/elobservatorio.com.mx\/?p=21324","title":{"rendered":"Financiar\u00e1 CONACyT tres nuevos proyectos de la UdeC"},"content":{"rendered":"<p><em>*Dichos proyectos participaron en dos convocatorias nacionales, la primera sobre proyectos de Ciencia B\u00e1sica o de Frontera y la segunda sobre investigaci\u00f3n e incidencia.<\/em><\/p>\n<p>La coordinadora general de Investigaci\u00f3n de la Universidad de Colima, X\u00f3chitl Ang\u00e9lica Trujillo-Trujillo inform\u00f3 que el Consejo Nacional de Ciencia y Tecnolog\u00eda (CONACyT) aprob\u00f3 een estos d\u00edas un financiamiento para tres nuevos proyectos a investigadores de la instituci\u00f3n.<\/p>\n<p>Indic\u00f3 que dichas iniciativas fueron sometidas a las convocatorias 2021 de Ciencia B\u00e1sica y\/o Ciencia de Frontera en la modalidad de Paradigmas y Controversias de la Ciencia 2022 y en la de Elaboraci\u00f3n de Propuestas de Proyectos de Investigaci\u00f3n e Incidencia que contribuyan a la producci\u00f3n, protecci\u00f3n, reconocimiento y resignificaci\u00f3n de las memorias y la diversidad cultural y biocultural en M\u00e9xico.<\/p>\n<p>Precis\u00f3 que para la primera convocatoria se aprobaron dos proyectos, el primero lleva como t\u00edtulo, \u201cCuando la vacuna no evita que un paciente padezca un COVID-19 grave \u00bfes importante el tipo de vacuna que recibi\u00f3? Asociaci\u00f3n entre el tipo de vacuna recibida con el nivel de respuesta inflamatoria sist\u00e9mica en pacientes con COVID-19 severo-cr\u00edtico\u201d, a cargo del Dr. Iv\u00e1n Delgado Enciso, profesor de la Facultad de Medicina.<\/p>\n<p>El nombre del segundo es, \u201cMedici\u00f3n del malestar social en la poblaci\u00f3n juvenil del Estado de Colima. Afectaciones en la vida privada por cambios en la pol\u00edtica, la econom\u00eda y la sociedad\u201d, cuyo investigador responsable es el Dr. Jos\u00e9 Manuel de la Mora Cuevas, profesor de la Facultad de Ciencias Pol\u00edticas y Sociales.<\/p>\n<p>Respecto a la segunda convocatoria, sobre incidencia, el proyecto apoyado es \u201cRescate y divulgaci\u00f3n digital de la memoria hist\u00f3rica de la comunidad de Suchitl\u00e1n, Colima\u201d, en el cual participa el Cuerpo Acad\u00e9mico n\u00famero 13 de la Ucol, correspondiente a Estudios de Historia y que lo integran la doctora y los doctores, Alexandra Pita Gonz\u00e1lez, Raymundo Padilla Lozoya y Francisco Javier Delgado Aguilar.<\/p>\n<p>En referencia a la aprobaci\u00f3n de estas iniciativas, la Dra. Trujillo coment\u00f3 que es fundamental el apoyo que reciben las y los investigadores de la m\u00e1xima casa de estudios del estado por parte del CONACYT, \u201cpues respaldan la labor investigativa que se hace en la entidad\u201d.<\/p>\n<p>\u201cAdem\u00e1s, estos proyectos se suman a una importante lista que est\u00e1 en desarrollo desde hace algunos a\u00f1os en las diferentes \u00e1reas del conocimiento y que fortalecen la labor acad\u00e9mica de la Universidad de Colima\u201d, puntualiz\u00f3.<\/p>\n<p>&nbsp;<\/p>\n","protected":false},"excerpt":{"rendered":"<p>*Dichos proyectos participaron en dos convocatorias nacionales, la primera sobre proyectos de Ciencia B\u00e1sica o de Frontera y la segunda sobre investigaci\u00f3n e incidencia. La coordinadora general de Investigaci\u00f3n de la Universidad de Colima, X\u00f3chitl Ang\u00e9lica Trujillo-Trujillo inform\u00f3 que el Consejo Nacional de Ciencia y Tecnolog\u00eda (CONACyT) aprob\u00f3 een estos d\u00edas un financiamiento para tres&#8230;<\/p>\n","protected":false},"author":2,"featured_media":21325,"comment_status":"open","ping_status":"open","sticky":false,"template":"","format":"standard","meta":{"footnotes":""},"categories":[14],"tags":[29,30,28],"class_list":["post-21324","post","type-post","status-publish","format-standard","has-post-thumbnail","hentry","category-educacion-y-cultura","tag-grid","tag-news","tag-slider"],"_links":{"self":[{"href":"http:\/\/elobservatorio.com.mx\/index.php?rest_route=\/wp\/v2\/posts\/21324"}],"collection":[{"href":"http:\/\/elobservatorio.com.mx\/index.php?rest_route=\/wp\/v2\/posts"}],"about":[{"href":"http:\/\/elobservatorio.com.mx\/index.php?rest_route=\/wp\/v2\/types\/post"}],"author":[{"embeddable":true,"href":"http:\/\/elobservatorio.com.mx\/index.php?rest_route=\/wp\/v2\/users\/2"}],"replies":[{"embeddable":true,"href":"http:\/\/elobservatorio.com.mx\/index.php?rest_route=%2Fwp%2Fv2%2Fcomments&post=21324"}],"version-history":[{"count":0,"href":"http:\/\/elobservatorio.com.mx\/index.php?rest_route=\/wp\/v2\/posts\/21324\/revisions"}],"wp:featuredmedia":[{"embeddable":true,"href":"http:\/\/elobservatorio.com.mx\/index.php?rest_route=\/wp\/v2\/media\/21325"}],"wp:attachment":[{"href":"http:\/\/elobservatorio.com.mx\/index.php?rest_route=%2Fwp%2Fv2%2Fmedia&parent=21324"}],"wp:term":[{"taxonomy":"category","embeddable":true,"href":"http:\/\/elobservatorio.com.mx\/index.php?rest_route=%2Fwp%2Fv2%2Fcategories&post=21324"},{"taxonomy":"post_tag","embeddable":true,"href":"http:\/\/elobservatorio.com.mx\/index.php?rest_route=%2Fwp%2Fv2%2Ftags&post=21324"}],"curies":[{"name":"wp","href":"https:\/\/api.w.org\/{rel}","templated":true}]}}