{"id":21387,"date":"2022-03-14T14:13:04","date_gmt":"2022-03-14T20:13:04","guid":{"rendered":"http:\/\/elobservatorio.com.mx\/?p=21387"},"modified":"2022-03-14T14:13:04","modified_gmt":"2022-03-14T20:13:04","slug":"este-sabado-habra-campana-contra-el-cancer-en-cerro-de-ortega","status":"publish","type":"post","link":"http:\/\/elobservatorio.com.mx\/?p=21387","title":{"rendered":"Este s\u00e1bado habr\u00e1 campa\u00f1a contra el c\u00e1ncer en Cerro de Ortega"},"content":{"rendered":"<p>La Presidenta de la Asociaci\u00f3n Contra el C\u00e1ncer Tecomense I.A.P. Alicia Reyna Maga\u00f1a, dio a conocer que como parte de las acciones de detecci\u00f3n de c\u00e1ncer de mama y c\u00e9rvico uterino que realiza de manera constante la organizaci\u00f3n que preside, este s\u00e1bado 19 de marzo, se llevar\u00e1 a la localidad de Cerro de Ortega la segunda campa\u00f1a de detecci\u00f3n gratuita.<\/p>\n<p>Lo anterior, a partir de las 8:00 de la ma\u00f1ana y hasta las 12:30 del medio d\u00eda, en las instalaciones del Centro de Salud en donde se estar\u00e1n ofreciendo tomas de muestras de papanicolau, exploraciones mamarias, se programar\u00e1n consultas ginecol\u00f3gicas y adem\u00e1s se estar\u00e1 llevando el servicio de bazar, con ropa, zapatos y accesorios en muy buen estado a muy bajo precio.<\/p>\n<p>Reyna Maga\u00f1a invit\u00f3 a las mujeres de Cerro de Ortega y alrededores, que deseen aprovechar la campa\u00f1a, a que acudan a temprana hora a solicitar su ficha para ser atendidas por el personal voluntario y equipo calificado con que cuenta la Asociaci\u00f3n Contra el C\u00e1ncer Tecomense I.A.P. \u201cdeber\u00e1n llevar copia de su credencial de elector, una copia de un comprobante de domicilio, al igual que copia de la CURP y N\u00famero de Seguro Social, si es que cuentan con ello\u201d.<\/p>\n","protected":false},"excerpt":{"rendered":"<p>La Presidenta de la Asociaci\u00f3n Contra el C\u00e1ncer Tecomense I.A.P. Alicia Reyna Maga\u00f1a, dio a conocer que como parte de las acciones de detecci\u00f3n de c\u00e1ncer de mama y c\u00e9rvico uterino que realiza de manera constante la organizaci\u00f3n que preside, este s\u00e1bado 19 de marzo, se llevar\u00e1 a la localidad de Cerro de Ortega la&#8230;<\/p>\n","protected":false},"author":2,"featured_media":21388,"comment_status":"open","ping_status":"open","sticky":false,"template":"","format":"standard","meta":{"footnotes":""},"categories":[8,34],"tags":[29,30,28],"class_list":["post-21387","post","type-post","status-publish","format-standard","has-post-thumbnail","hentry","category-municipios","category-tecoman","tag-grid","tag-news","tag-slider"],"_links":{"self":[{"href":"http:\/\/elobservatorio.com.mx\/index.php?rest_route=\/wp\/v2\/posts\/21387"}],"collection":[{"href":"http:\/\/elobservatorio.com.mx\/index.php?rest_route=\/wp\/v2\/posts"}],"about":[{"href":"http:\/\/elobservatorio.com.mx\/index.php?rest_route=\/wp\/v2\/types\/post"}],"author":[{"embeddable":true,"href":"http:\/\/elobservatorio.com.mx\/index.php?rest_route=\/wp\/v2\/users\/2"}],"replies":[{"embeddable":true,"href":"http:\/\/elobservatorio.com.mx\/index.php?rest_route=%2Fwp%2Fv2%2Fcomments&post=21387"}],"version-history":[{"count":0,"href":"http:\/\/elobservatorio.com.mx\/index.php?rest_route=\/wp\/v2\/posts\/21387\/revisions"}],"wp:featuredmedia":[{"embeddable":true,"href":"http:\/\/elobservatorio.com.mx\/index.php?rest_route=\/wp\/v2\/media\/21388"}],"wp:attachment":[{"href":"http:\/\/elobservatorio.com.mx\/index.php?rest_route=%2Fwp%2Fv2%2Fmedia&parent=21387"}],"wp:term":[{"taxonomy":"category","embeddable":true,"href":"http:\/\/elobservatorio.com.mx\/index.php?rest_route=%2Fwp%2Fv2%2Fcategories&post=21387"},{"taxonomy":"post_tag","embeddable":true,"href":"http:\/\/elobservatorio.com.mx\/index.php?rest_route=%2Fwp%2Fv2%2Ftags&post=21387"}],"curies":[{"name":"wp","href":"https:\/\/api.w.org\/{rel}","templated":true}]}}