{"id":21390,"date":"2022-03-14T15:27:06","date_gmt":"2022-03-14T21:27:06","guid":{"rendered":"http:\/\/elobservatorio.com.mx\/?p=21390"},"modified":"2022-03-14T15:27:22","modified_gmt":"2022-03-14T21:27:22","slug":"no-estoy-sola-dice-dona-cuquita-por-la-bioserie-no-autorizada-de-vicente-fernandez","status":"publish","type":"post","link":"http:\/\/elobservatorio.com.mx\/?p=21390","title":{"rendered":"No estoy sola, dice \u00abdo\u00f1a Cuquita\u00bb por la Bioserie no autorizada de Vicente Fern\u00e1ndez"},"content":{"rendered":"<p class=\"primary-font__PrimaryFontStyles-o56yd5-0 fOYBRX h4-primary sub-headline\"><em>*La bioserie de Vicente Fern\u00e1ndez \u2018El \u00faltimo rey: El hijo del pueblo\u2019 se estrena hoy, pese a las medidas de suspensi\u00f3n dictadas por un juez, el IMPI y el descontento de la familia Fern\u00e1ndez.<\/em><\/p>\n<p class=\"default__StyledText-xb1qmn-0 kYamVn body-paragraph\">\u201cEstoy muy triste por todo lo que est\u00e1 pasando ahorita, Vicente se fue pero creo que hay\u00a0<b>gente que est\u00e1 abusando con su nombre<\/b>\u201d, dice en un video Mar\u00eda Refugio Abarca Villase\u00f1or, conocida como \u201cDo\u00f1a Cuquita\u201d, viuda del cantante\u00a0<b>Vicente Fern\u00e1ndez<\/b>.<\/p>\n<p class=\"default__StyledText-xb1qmn-0 kYamVn body-paragraph\">En el comunicado publicado esta ma\u00f1ana en sus redes sociales, Do\u00f1a Cuquita se\u00f1ala que estaban haciendo la serie\u00a0<i><b>El \u00faltimo rey: El hijo del pueblo<\/b><\/i>\u00a0desde octubre de 2021, cuando su esposo estaba enfermo.<\/p>\n<p class=\"default__StyledText-xb1qmn-0 kYamVn body-paragraph\">\u201cEl Charro de Huentit\u00e1n\u201d sufri\u00f3 una ca\u00edda en su\u00a0<b>rancho los Tres Potrillos<\/b>\u00a0poco antes, en agosto, despu\u00e9s de la cual enfrent\u00f3 diversas complicaciones:\u00a0<b>lesiones en cervicales<\/b>\u00a0y un\u00a0<b>traumatismo raquimedular a nivel de la columna cervical<\/b>, cirug\u00edas, problemas respiratorios, una dif\u00edcil recuperaci\u00f3n, hasta que falleci\u00f3 el 12 de diciembre.<\/p>\n<p>A principios de diciembre sali\u00f3 a la venta el libro,<b>\u00a0<\/b><i><b>El \u00faltimo rey<\/b><\/i>, una biograf\u00eda no autorizada escrita por la periodista argentina Olga Wornat, donde menciona varias pol\u00e9micas y claroscuros de la vida de Vicente Fern\u00e1ndez. Para enero de este a\u00f1o la empresa TelevisaUnivision anunci\u00f3 que hab\u00eda comprado los derechos y producir\u00eda la bioserie\u00a0<i><b>El \u00faltimo rey: El hijo del pueblo<\/b><\/i>, a estrenarse este mes, protagonizada por Pablo Montero y producida por Juan Osorio.<\/p>\n<p class=\"default__StyledText-xb1qmn-0 kYamVn body-paragraph\">La familia del \u201cCharro de Huentit\u00e1n\u201d present\u00f3 una demanda en contra de la televisora por incurrir en diversas violaciones, y no concedi\u00f3 autorizaci\u00f3n para que el contenido fuera publicado.<\/p>\n<p class=\"default__StyledText-xb1qmn-0 kYamVn body-paragraph\">Este 12 de marzo, el abogado de la familia Fern\u00e1ndez dio a conocer las medidas impuestas por un juez civil y el Instituto Mexicano de Protecci\u00f3n a la Propiedad Industrial (IMPI) de suspender la producci\u00f3n, promoci\u00f3n y transmisi\u00f3n de la serie\u00a0<i><b>El \u00faltimo rey: El hijo del pueblo<\/b><\/i>, as\u00ed como de otros productos similares que hablen de la vida, imagen, voz, obra o marca de\u00a0<b>Vicente Fern\u00e1ndez<\/b>.<\/p>\n<p class=\"default__StyledText-xb1qmn-0 kYamVn body-paragraph\">La principal justificaci\u00f3n es que se trata de un \u201cuso no autorizado y con fines de lucro de marcas registradas, reservas de nombre art\u00edstico de uso exclusivo e imagen (<b>Vicente Fern\u00e1ndez<\/b>)\u201d.<\/p>\n<p class=\"default__StyledText-xb1qmn-0 kYamVn body-paragraph\">Pese a todo, Televisa Univisi\u00f3n inform\u00f3 este domingo que no hab\u00eda recibido notificaci\u00f3n oficial y acus\u00f3 de censura, por lo que continuar\u00eda con la producci\u00f3n y el estreno de la serie este lunes 14 de marzo <b>a las 20:30 horas<\/b>\u00a0por el Canal de las Estrellas.<\/p>\n<p class=\"default__StyledText-xb1qmn-0 kYamVn body-paragraph\">\u201cLa sacaron ahora que ya no est\u00e1 \u00e9l, pero si \u00e9l estuviera, me estar\u00eda apoyando; si creen que estoy sola,\u00a0<b>no estoy sola<\/b>; si quieren abusar de m\u00ed, no, tengo a mi familia, tengo a todo el p\u00fablico que me apoya y creo mucho en las leyes\u201d, afirma Do\u00f1a Cuquita en el video.<\/p>\n<p class=\"default__StyledText-xb1qmn-0 kYamVn body-paragraph\">En un comunicado previo, Refugio Abarca expuso que en el pasado Vicente Fern\u00e1ndez rechaz\u00f3 hacer su bioserie con Televisa porque quer\u00eda que le cediera sus derechos gratuitamente, luego le ofrecieron \u201cmigajas\u201d, me dijo: \u2018<b>Cuquita, estos no tienen llenadera<\/b>\u2019\u201d.<\/p>\n<p class=\"default__StyledText-xb1qmn-0 kYamVn body-paragraph\">Con quienes s\u00ed firm\u00f3 un contrato para hacer su bioserie es con Caracol, para transmitirse en Netflix, el protagonista elegido fue Jaime Camil.<\/p>\n<p>https:\/\/www.instagram.com\/p\/CbFV74PjPYy\/<\/p>\n","protected":false},"excerpt":{"rendered":"<p>*La bioserie de Vicente Fern\u00e1ndez \u2018El \u00faltimo rey: El hijo del pueblo\u2019 se estrena hoy, pese a las medidas de suspensi\u00f3n dictadas por un juez, el IMPI y el descontento de la familia Fern\u00e1ndez. \u201cEstoy muy triste por todo lo que est\u00e1 pasando ahorita, Vicente se fue pero creo que hay\u00a0gente que est\u00e1 abusando con&#8230;<\/p>\n","protected":false},"author":2,"featured_media":21391,"comment_status":"open","ping_status":"open","sticky":false,"template":"","format":"standard","meta":{"footnotes":""},"categories":[32],"tags":[29,30,28],"class_list":["post-21390","post","type-post","status-publish","format-standard","has-post-thumbnail","hentry","category-escenario","tag-grid","tag-news","tag-slider"],"_links":{"self":[{"href":"http:\/\/elobservatorio.com.mx\/index.php?rest_route=\/wp\/v2\/posts\/21390"}],"collection":[{"href":"http:\/\/elobservatorio.com.mx\/index.php?rest_route=\/wp\/v2\/posts"}],"about":[{"href":"http:\/\/elobservatorio.com.mx\/index.php?rest_route=\/wp\/v2\/types\/post"}],"author":[{"embeddable":true,"href":"http:\/\/elobservatorio.com.mx\/index.php?rest_route=\/wp\/v2\/users\/2"}],"replies":[{"embeddable":true,"href":"http:\/\/elobservatorio.com.mx\/index.php?rest_route=%2Fwp%2Fv2%2Fcomments&post=21390"}],"version-history":[{"count":0,"href":"http:\/\/elobservatorio.com.mx\/index.php?rest_route=\/wp\/v2\/posts\/21390\/revisions"}],"wp:featuredmedia":[{"embeddable":true,"href":"http:\/\/elobservatorio.com.mx\/index.php?rest_route=\/wp\/v2\/media\/21391"}],"wp:attachment":[{"href":"http:\/\/elobservatorio.com.mx\/index.php?rest_route=%2Fwp%2Fv2%2Fmedia&parent=21390"}],"wp:term":[{"taxonomy":"category","embeddable":true,"href":"http:\/\/elobservatorio.com.mx\/index.php?rest_route=%2Fwp%2Fv2%2Fcategories&post=21390"},{"taxonomy":"post_tag","embeddable":true,"href":"http:\/\/elobservatorio.com.mx\/index.php?rest_route=%2Fwp%2Fv2%2Ftags&post=21390"}],"curies":[{"name":"wp","href":"https:\/\/api.w.org\/{rel}","templated":true}]}}